{"id":31374,"date":"2022-02-22T09:41:16","date_gmt":"2022-02-22T08:41:16","guid":{"rendered":"https:\/\/campusvygon.com\/es\/?p=31374"},"modified":"2025-07-21T13:21:00","modified_gmt":"2025-07-21T11:21:00","slug":"cuando-y-como-y-usar-la-fijacion-con-anclaje-subcutaneo","status":"publish","type":"post","link":"https:\/\/campusvygon.com\/es\/cuando-y-como-y-usar-la-fijacion-con-anclaje-subcutaneo\/","title":{"rendered":"Cu\u00e1ndo y c\u00f3mo y  usar la fijaci\u00f3n con anclaje subcut\u00e1neo"},"content":{"rendered":"\n<p>En el acceso vascular, mucho es lo que se ha escrito en la literatura cient\u00edfica al prop\u00f3sito de fijaci\u00f3n, a favor de aquellos sistemas que<strong> desestiman el uso de las suturas<\/strong>, <strong>no recomendadas desde hace a\u00f1os por las principales gu\u00edas internacionales<\/strong>.<\/p>\n\n\n\n<div style=\"height:50px\" aria-hidden=\"true\" class=\"wp-block-spacer\"><\/div>\n\n\n\n\n\n<div style=\"height:50px\" aria-hidden=\"true\" class=\"wp-block-spacer\"><\/div>\n\n\n\n<p>Actualmente, entre los distintos tipos de fijaci\u00f3n sin suturas destacan los <strong>adhesivos <\/strong>y los de <strong>anclaje subcut\u00e1neo<\/strong>. Esta segunda modalidad de fijaci\u00f3n ha demostrado <strong>ser eficaz y dar buenos resultados incluso en aspectos y contextos en los cuales otros sistemas no pueden dar soluci\u00f3n<\/strong>.<\/p>\n\n\n\n<p> Para conseguir este \u00e9xito, es necesario<strong> saber usarla de forma correcta<\/strong> y te lo vamos a explicar en detalle en este post.<\/p>\n\n\n\n<p>Puntos clave del post:<\/p>\n\n\n\n<ul class=\"wp-block-list\"><li>La fijaci\u00f3n con anclaje subcut\u00e1neo est\u00e1 recomendada por gu\u00edas de referencia internacional como las gu\u00edas <strong>NICE <\/strong>y el grupo <strong>GAVeCeLT <\/strong>que resalta los beneficios de este sistema especialmente en <strong>casos cl\u00ednicos complejos <\/strong><\/li><li>en el consenso GAVeCeLT insiste en que u<strong>na correcta formaci\u00f3n es necesaria ya que una mala colocaci\u00f3n puede tener resultados negativos<\/strong>. En general son muy escasas las complicaciones y se relacionan siempre con una formaci\u00f3n inadecuada<\/li><li>Para usarlo correctamente hay que seguir una serie de pasos entre los cu\u00e1les los m\u00e1s importantes son: <strong>comprobar que el ancla est\u00e9 tejido subcut\u00e1neo profundo y no superficial, asegurarse de o\u00edr el \u00abclic\u00bb para cerrar el dispositivo y moverlo siempre a 90\u00ba durante las curas (siguiendo el eje del cat\u00e9ter), nunca lateralmente.<\/strong><\/li><\/ul>\n\n\n\n<div style=\"height:50px\" aria-hidden=\"true\" class=\"wp-block-spacer\"><\/div>\n\n\n\n<h3 class=\"wp-block-heading\" id=\"por-que-y-en-que-pacientes-usar-la-fijacion-con-anclaje-subcutaneo\">\u00bfPOR QU\u00c9 Y EN QU\u00c9 PACIENTES USAR LA FIJACI\u00d3N CON ANCLAJE SUBCUT\u00c1NEO?<\/h3>\n\n\n\n<h4 class=\"wp-block-heading\" id=\"recomendaciones-britanicas\"><strong>Recomendaciones brit\u00e1nicas<\/strong><\/h4>\n\n\n\n<p>El sistema de fijaci\u00f3n de cat\u00e9ter con <strong><a href=\"https:\/\/www.vygon.es\/productos\/securacath_1683_VIA400110\">anclaje subcut\u00e1neo<\/a> <\/strong>representa una alternativa <strong>eficaz, segura, sencilla y pr\u00e1ctica <\/strong>para estabilizar el cat\u00e9ter del paciente, ya sea <strong>venoso <\/strong>o <strong>arterial<\/strong>.<\/p>\n\n\n\n<p>Para hacer un uso <strong>coste-eficaz<\/strong>, gu\u00edas como la <a href=\"https:\/\/www.nice.org.uk\/guidance\/mtg34\/resources\/securacath-for-securing-percutaneous-catheters-pdf-64371995311813\">NICE <\/a>en Reino Unido recomiendan este dispositivo <strong>para pacientes con necesidad de permanencia del cat\u00e9ter superior a 8 semanas<\/strong>. Si bien es cierto que en circunstancias en las que las posibilidades de <strong>salida accidental del cat\u00e9ter son muy elevadas<\/strong>, <strong>bien vale el uso del dispositivo<\/strong>, aunque el cat\u00e9ter permanezca menos tiempo en sede.<\/p>\n\n\n\n<div style=\"height:50px\" aria-hidden=\"true\" class=\"wp-block-spacer\"><\/div>\n\n\n\n<h4 class=\"wp-block-heading\" id=\"recomendaciones-italianas\"><strong>Recomendaciones italianas<\/strong><\/h4>\n\n\n\n<p>&nbsp;&nbsp;&nbsp;&nbsp;&nbsp;&nbsp;&nbsp; Los resultados de las investigaciones son <strong>muy positivos<\/strong> hacia el uso de este dispositivo. En especial, el grupo <strong>GAVeCeLT <\/strong>ha indagado en las soluciones que aporta el sistema en<strong> casos cl\u00ednicos complejos,<\/strong> como el paciente <strong>neonato<\/strong>, paciente con <strong>acceso femoral<\/strong> o paciente <strong>quemado<\/strong>. El grupo recomienda su uso no solo en estos pacientes, sino adem\u00e1s en:<\/p>\n\n\n\n<ul class=\"wp-block-list\"><li>Pacientes <strong>oncol\u00f3gicos <\/strong>con cat\u00e9ter de <strong>media a larga duraci\u00f3n<\/strong>;<\/li><li>Pacientes con cat\u00e9ter con <strong>nutrici\u00f3n parenteral de larga duraci\u00f3n<\/strong>;<\/li><li>Pacientes <strong>pedi\u00e1trico <\/strong>y <strong>neonato<\/strong>;<\/li><li>Pacientes con cat\u00e9ter venoso de <strong>duraci\u00f3n prevista entre 4-6 semanas<\/strong>;<\/li><li>Pacientes con cat\u00e9ter en <strong>domicilio<\/strong>;<\/li><li>Pacientes con <strong>anomal\u00edas cut\u00e1neas <\/strong>que <strong>limiten <\/strong>el uso de sistemas de fijaci\u00f3n <strong>adhesivos<\/strong>.<\/li><\/ul>\n\n\n\n<p>&nbsp;&nbsp;&nbsp;&nbsp;&nbsp;&nbsp;&nbsp; En realidad, esta lista podr\u00eda continuar, porque lo que verdaderamente importa no es tanto la situaci\u00f3n cl\u00ednica del paciente, sino:<\/p>\n\n\n\n<ul class=\"wp-block-list\"><li><strong>la duraci\u00f3n estimada del cat\u00e9ter<\/strong><\/li><li><strong>el contexto en el que se use<\/strong><\/li><li><strong>la integridad de la piel en la zona de inserci\u00f3n<\/strong><\/li><li><strong>el riesgo de que el cat\u00e9ter pueda dislocarse de manera accidental.<\/strong><\/li><\/ul>\n\n\n\n<p>El grupo GAVeCeLT nos presenta escenarios en los que usar el dispositivo, pero su uso real depende simplemente <strong>de que se requiera su uso seg\u00fan la valoraci\u00f3n del profesional en base a las variables nombradas<\/strong>, no excluyendo muchas otras.<\/p>\n\n\n\n<div style=\"height:50px\" aria-hidden=\"true\" class=\"wp-block-spacer\"><\/div>\n\n\n\n<div class=\"wp-block-cover aligncenter is-light\" style=\"min-height:238px;aspect-ratio:unset;\"><span aria-hidden=\"true\" class=\"has-black-background-color wp-block-cover__gradient-background has-background-dim\"><\/span><img loading=\"lazy\" decoding=\"async\" width=\"1024\" height=\"512\" class=\"wp-block-cover__image-background wp-image-23941\" alt=\"\" src=\"https:\/\/campusvygon.com\/es\/wp-content\/uploads\/sites\/7\/2021\/05\/secur-kid.jpg\" data-object-fit=\"cover\" srcset=\"https:\/\/campusvygon.com\/es\/wp-content\/uploads\/sites\/7\/2021\/05\/secur-kid.jpg 1024w, https:\/\/campusvygon.com\/es\/wp-content\/uploads\/sites\/7\/2021\/05\/secur-kid-300x150.jpg 300w, https:\/\/campusvygon.com\/es\/wp-content\/uploads\/sites\/7\/2021\/05\/secur-kid-768x384.jpg 768w, https:\/\/campusvygon.com\/es\/wp-content\/uploads\/sites\/7\/2021\/05\/secur-kid-335x168.jpg 335w\" sizes=\"(max-width: 1024px) 100vw, 1024px\" \/><div class=\"wp-block-cover__inner-container is-layout-flow wp-block-cover-is-layout-flow\">\n<p class=\"has-text-align-center has-white-color has-text-color\" style=\"font-size:25px\">Descubre por qu\u00e9 la fijaci\u00f3n con anclaje subcut\u00e1neo se considera el nuevo est\u00e1ndar en el acceso vascular<\/p>\n\n\n\n<p class=\"has-text-align-center has-vivid-green-cyan-color has-text-color has-medium-font-size\"><a href=\"https:\/\/campusvygon.com\/es\/anclaje-subcutaneo-nuevo-estandar\/\">Haz clic <strong>aqu\u00ed<\/strong><\/a><\/p>\n\n\n\n<p>Haz clic aq<\/p>\n<\/div><\/div>\n\n\n\n<div style=\"height:50px\" aria-hidden=\"true\" class=\"wp-block-spacer\"><\/div>\n\n\n\n<h3 class=\"wp-block-heading\" id=\"ii-la-importancia-de-una-formacion-adecuada-sobre-el-uso-del-dispositivo\">II \u2013 LA IMPORTANCIA DE UNA FORMACI\u00d3N ADECUADA SOBRE EL USO DEL DISPOSITIVO<\/h3>\n\n\n\n<h4 class=\"wp-block-heading\" id=\"que-ocurre-si-lo-hacemos-mal\"><strong>\u00bfQu\u00e9 ocurre si lo hacemos mal?<\/strong><\/h4>\n\n\n\n<p>&nbsp;&nbsp;&nbsp;&nbsp;&nbsp;&nbsp;&nbsp; En un reciente consenso publicado en 2020 por este grupo,<strong> se hace hincapi\u00e9 en la t\u00e9cnica de colocaci\u00f3n del dispositivo que, si no se lleva a cabo de manera correcta, puede no cumplir con su funci\u00f3n deseada<\/strong>. De hecho, algunos resultados de estudios revisados en dicho consenso son dif\u00edcilmente interpretables: se debe a que no se estudia la <strong>t\u00e9cnica de colocaci\u00f3n<\/strong> o el <strong>entrenamiento <\/strong>recibido por quien lo coloca.<\/p>\n\n\n\n<p>&nbsp;&nbsp;&nbsp;&nbsp;&nbsp;&nbsp;&nbsp; <strong>No existen en la literatura complicaciones<\/strong> como el <strong>sangrado <\/strong>por el punto de inserci\u00f3n o la <strong>alergia <\/strong>a los materiales del dispositivo. Sin embargo, s\u00ed que se han reportado casos en los que se evidencia una i<strong>nflamaci\u00f3n aguda o cr\u00f3nica de la zona en la que se inserta el dispositivo<\/strong>; el porcentaje de incidencia presente en la literatura es variable seg\u00fan los casos  y se sit\u00faa entre <strong>0 y 7%<\/strong>.<\/p>\n\n\n\n<blockquote class=\"wp-block-quote is-layout-flow wp-block-quote-is-layout-flow\"><p>Se relaciona con una colocaci\u00f3n <strong>superficial <\/strong>del dispositivo debido, o bien a <strong>poco entrenamiento<\/strong> de la persona que lo coloca, o a <strong>problemas y anormalidades muy raras de la piel <\/strong>del paciente. La colocaci\u00f3n en capas superficiales de la piel puede provocar <strong>granuloma <\/strong>y <strong>dolor <\/strong>en el paciente.<\/p><\/blockquote>\n\n\n\n<div style=\"height:50px\" aria-hidden=\"true\" class=\"wp-block-spacer\"><\/div>\n\n\n\n<div class=\"wp-block-image\"><figure class=\"aligncenter size-full is-resized\"><img loading=\"lazy\" decoding=\"async\" src=\"https:\/\/campusvygon.com\/es\/wp-content\/uploads\/sites\/7\/2022\/02\/foto-granuloma-securacath-con-marco.jpg\" alt=\"\" class=\"wp-image-31390\" width=\"354\" height=\"381\" \/><figcaption><strong>Imagen 1<\/strong>: Granuloma provocado por colocaci\u00f3n superficial de dispositivo de anclaje subcut\u00e1neo. Fuente: Pinelli et al. (2021)<\/figcaption><\/figure><\/div>\n\n\n\n<div style=\"height:50px\" aria-hidden=\"true\" class=\"wp-block-spacer\"><\/div>\n\n\n\n<h4 class=\"wp-block-heading\" id=\"como-hacerlo-bien\"><strong>\u00bfC\u00f3mo hacerlo bien?<\/strong><\/h4>\n\n\n\n<h5 class=\"wp-block-heading\" id=\"la-colocacion\">La colocaci\u00f3n<\/h5>\n\n\n\n<p>La colocaci\u00f3n correcta del anclaje subcut\u00e1neo es el <strong>punto focal de la cuesti\u00f3n sobre su eficacia y eficiencia<\/strong>: aunque m\u00ednimo, su inserci\u00f3n requiere la <strong>superaci\u00f3n de una curva de aprendizaje de poco tiempo <\/strong>para que el dispositivo cumpla con su funci\u00f3n sin producir complicaciones.<\/p>\n\n\n\n<p>La correcta colocaci\u00f3n del dispositivo de anclaje subcut\u00e1neo se puede resumir as\u00ed:<\/p>\n\n\n\n<ol class=\"wp-block-list\"><li>Se deben<strong> sumar 3 cm a la medida del cat\u00e9ter <\/strong>que se est\u00e9 colocando, ya que esta medida es la que requiere el dispositivo para ser colocado en su longitud total<\/li><\/ol>\n\n\n\n<p>2. Durante la inserci\u00f3n del cat\u00e9ter y con el punto de inserci\u00f3n bajo <strong>anestesia local <\/strong>se coloca el dispositivo de anclaje subcut\u00e1neo. Para ello, se elige el dispositivo<strong> acorde al Fr <\/strong>del cat\u00e9ter.<\/p>\n\n\n\n<p>3. El dispositivo consta de 2 partes: la primera que se insertar\u00e1 ser\u00e1 la <strong>parte inferior<\/strong>, <strong>pleg\u00e1ndola <\/strong>a la mitad, de modo que la parte de nitinol tambi\u00e9n se pliegue y adquiera una forma similar a un gancho con \u00e1ngulo de 90\u00ba que <strong>se colocar\u00e1 en el tejido subcut\u00e1neo<\/strong>, aprovechando el punto de inserci\u00f3n del cat\u00e9ter. &nbsp;<\/p>\n\n\n\n<div class=\"wp-block-image\"><figure class=\"aligncenter size-full is-resized\"><img loading=\"lazy\" decoding=\"async\" src=\"https:\/\/campusvygon.com\/es\/wp-content\/uploads\/sites\/7\/2022\/02\/como-doblar-securacath.jpg\" alt=\"\" class=\"wp-image-31398\" width=\"822\" height=\"305\" srcset=\"https:\/\/campusvygon.com\/es\/wp-content\/uploads\/sites\/7\/2022\/02\/como-doblar-securacath.jpg 822w, https:\/\/campusvygon.com\/es\/wp-content\/uploads\/sites\/7\/2022\/02\/como-doblar-securacath-480x179.jpg 480w\" sizes=\"(min-width: 0px) and (max-width: 480px) 480px, (min-width: 481px) 822px, 100vw\" \/><figcaption><strong>Imagen 2<\/strong>: doblar e insertar SecurAcath<\/figcaption><\/figure><\/div>\n\n\n\n<p>Es decir, con la parte inferior del dispositivo plegada, anclaremos la parte met\u00e1lica <strong>en el tejido subcut\u00e1neo, profundo, con una orientaci\u00f3n que en un reloj ser\u00edan las horas 5 o 7<\/strong>. Es importante aqu\u00ed profundizar con la parte met\u00e1lica para que este trozo del dispositivo <strong>no quede superficial<\/strong>, ya que eso provocar\u00eda dolor y eventual granuloma (Imagen 1). Una vez colocada, esta parte debe ser <strong>comprobada <\/strong>para ver que queda en la posici\u00f3n deseada bajo la piel. Este paso es el m\u00e1s importante de todos durante la colocaci\u00f3n del dispositivo y se hace mediante<strong> leves estirones<\/strong> para ver donde queda ubicado.<\/p>\n\n\n\n<p>4. A continuaci\u00f3n, se inserta el cat\u00e9ter en <strong>la canaladura azul <\/strong>del dispositivo, teniendo cuidado a que quede bien alojada en el interior de esta hendidura.<\/p>\n\n\n\n<div class=\"wp-block-image\"><figure class=\"aligncenter size-full\"><img loading=\"lazy\" decoding=\"async\" width=\"428\" height=\"336\" src=\"https:\/\/campusvygon.com\/es\/wp-content\/uploads\/sites\/7\/2022\/02\/insercion-cateter-en-canal-securacath.jpg\" alt=\"\" class=\"wp-image-31400\" srcset=\"https:\/\/campusvygon.com\/es\/wp-content\/uploads\/sites\/7\/2022\/02\/insercion-cateter-en-canal-securacath.jpg 428w, https:\/\/campusvygon.com\/es\/wp-content\/uploads\/sites\/7\/2022\/02\/insercion-cateter-en-canal-securacath-300x236.jpg 300w\" sizes=\"(max-width: 428px) 100vw, 428px\" \/><figcaption><strong>Imagen 3<\/strong>: inserci\u00f3n del cat\u00e9ter en el canal azul<\/figcaption><\/figure><\/div>\n\n\n\n<p>5. Acto seguido, se cubre con la <strong>parte superior<\/strong> del dispositivo y se aprieta entre los dedos hasta o\u00edr un <strong>\u201cclic\u201d<\/strong> que confirma que se ha realizado <strong>el cierre de ambas partes de modo correcto<\/strong>.<\/p>\n\n\n\n<div class=\"wp-block-image\"><figure class=\"aligncenter size-full is-resized\"><img loading=\"lazy\" decoding=\"async\" src=\"https:\/\/campusvygon.com\/es\/wp-content\/uploads\/sites\/7\/2022\/02\/cierre-securacath.jpg\" alt=\"\" class=\"wp-image-31396\" width=\"428\" height=\"336\" srcset=\"https:\/\/campusvygon.com\/es\/wp-content\/uploads\/sites\/7\/2022\/02\/cierre-securacath.jpg 428w, https:\/\/campusvygon.com\/es\/wp-content\/uploads\/sites\/7\/2022\/02\/cierre-securacath-300x236.jpg 300w\" sizes=\"(max-width: 428px) 100vw, 428px\" \/><figcaption><strong>Imagen 4<\/strong>: Cierre de Secur Acath con la parte superior<\/figcaption><\/figure><\/div>\n\n\n\n<div style=\"height:50px\" aria-hidden=\"true\" class=\"wp-block-spacer\"><\/div>\n\n\n\n<div class=\"wp-block-buttons is-content-justification-center is-layout-flex wp-container-core-buttons-is-layout-16018d1d wp-block-buttons-is-layout-flex\">\n<div class=\"wp-block-button aligncenter\"><a class=\"wp-block-button__link\" href=\"https:\/\/campusvygon.com\/es\/project\/poster-colocacion-de-la-fijacion-con-anclaje-subcutaneo\/\" target=\"_blank\" rel=\"noreferrer noopener\">Descarga el p\u00f3ster de <strong>colocaci\u00f3n <\/strong>de la fijaci\u00f3n con anclaje subcut\u00e1neo<\/a><\/div>\n<\/div>\n\n\n\n<div style=\"height:50px\" aria-hidden=\"true\" class=\"wp-block-spacer\"><\/div>\n\n\n\n<h5 class=\"wp-block-heading\" id=\"las-curas\">Las curas<\/h5>\n\n\n\n<p>Tambi\u00e9n es importante que durante las curas con el dispositivo en sede, <strong>el cat\u00e9ter se mueva solo con un movimiento de 90\u00ba respecto a la superficie de la piel.<\/strong><\/p>\n\n\n\n<p>Si se moviliza de manera <strong>lateral<\/strong>, la parte met\u00e1lica subcut\u00e1nea puede provocar <strong>molestias<\/strong>.<\/p>\n\n\n\n<div style=\"height:50px\" aria-hidden=\"true\" class=\"wp-block-spacer\"><\/div>\n\n\n\n<div class=\"wp-block-image\"><figure class=\"aligncenter size-large is-resized\"><img loading=\"lazy\" decoding=\"async\" src=\"https:\/\/campusvygon.com\/es\/wp-content\/uploads\/sites\/7\/2022\/02\/reco-mov-cura-securacath-1024x1024.jpg\" alt=\"\" class=\"wp-image-31394\" width=\"750\" height=\"750\" \/><\/figure><\/div>\n\n\n\n<h5 class=\"wp-block-heading\" id=\"la-retirada\">La retirada<\/h5>\n\n\n\n<p>&nbsp;&nbsp;&nbsp;&nbsp;&nbsp;&nbsp;&nbsp; La retirada del dispositivo se puede realizar de dos modos, pero en ambos, el uso de anestesia local <strong>no es necesario:<\/strong><\/p>\n\n\n\n<ul class=\"wp-block-list\"><li>&nbsp;&nbsp;&nbsp; Se <strong>retira la parte superior<\/strong> del dispositivo y se retira el cat\u00e9ter<\/li><\/ul>\n\n\n\n<ul class=\"wp-block-list\"><li>&nbsp;&nbsp;&nbsp; A continuaci\u00f3n, se puede:<ul><li><strong>Cortar la parte inferior del dispositivo por la mitad<\/strong>, justo por la canaladura azul y retirar ambas partes cortadas de manera individual.<\/li><\/ul><ul><li><strong>Volver a plegar la parte inferior<\/strong>, como cuando se coloc\u00f3 al principio y retirar la parte plegada en su totalidad con un solo movimiento.<\/li><\/ul><\/li><\/ul>\n\n\n\n<p>&nbsp;&nbsp;&nbsp;&nbsp;&nbsp;&nbsp;&nbsp; Ambos procedimientos son correctos y si se llevan a cabo de manera adecuada, <strong>no provocan dolor <\/strong>en el paciente, aunque la decisi\u00f3n del uso de un anest\u00e9sico local es decisi\u00f3n final del profesional.<\/p>\n\n\n\n<div style=\"height:50px\" aria-hidden=\"true\" class=\"wp-block-spacer\"><\/div>\n\n\n\n<div class=\"wp-block-image\"><figure class=\"aligncenter size-full\"><a href=\"https:\/\/www.youtube.com\/watch?v=0L18I4uFw5E&amp;t=4s\"><img loading=\"lazy\" decoding=\"async\" width=\"908\" height=\"542\" src=\"https:\/\/campusvygon.com\/es\/wp-content\/uploads\/sites\/7\/2022\/02\/foto-enlace-video-retirada-securacath-1.jpg\" alt=\"\" class=\"wp-image-31405\" srcset=\"https:\/\/campusvygon.com\/es\/wp-content\/uploads\/sites\/7\/2022\/02\/foto-enlace-video-retirada-securacath-1.jpg 908w, https:\/\/campusvygon.com\/es\/wp-content\/uploads\/sites\/7\/2022\/02\/foto-enlace-video-retirada-securacath-1-480x287.jpg 480w\" sizes=\"(min-width: 0px) and (max-width: 480px) 480px, (min-width: 481px) 908px, 100vw\" \/><\/a><figcaption>Tutorial de retirada de la fijaci\u00f3n con anclaje subcut\u00e1neo<\/figcaption><\/figure><\/div>\n\n\n\n<div style=\"height:50px\" aria-hidden=\"true\" class=\"wp-block-spacer\"><\/div>\n\n\n\n<p>La formaci\u00f3n de un nuevo dispositivo se tiene que llevar a cabo de una manera correcta. Cuando no es as\u00ed, el profesional sanitario puede llegar a sentir <strong>frustraci\u00f3n por no obtener los resultados esperados <\/strong>y por no entender por qu\u00e9 no le funciona. <strong>En el peor caso, puede ocurrir un rechazo al producto cuando en realidad no es el responsable del fracaso.<\/strong><\/p>\n\n\n\n<p>La evidencia ha demostrado <strong>la eficacia de la fijaci\u00f3n con anclaje subuct\u00e1neo,<\/strong> siempre y cuando los profesionales que los colocan y los usan est\u00e9n<strong> bien entrenados <\/strong>para ello. Adem\u00e1s <strong>la curva de aprendizaje <\/strong>es muy <strong>sencilla <\/strong>de superar y <strong>corta <\/strong>en el tiempo.<\/p>\n\n\n\n<div style=\"height:50px\" aria-hidden=\"true\" class=\"wp-block-spacer\"><\/div>\n\n\n\n<div class=\"wp-block-image\"><figure class=\"aligncenter size-large is-resized\"><img loading=\"lazy\" decoding=\"async\" src=\"https:\/\/campusvygon.com\/es\/wp-content\/uploads\/sites\/7\/2022\/02\/reco-colocacion-securacath-1024x1024.jpg\" alt=\"\" class=\"wp-image-31393\" width=\"750\" height=\"750\" \/><\/figure><\/div>\n\n\n\n<div style=\"height:50px\" aria-hidden=\"true\" class=\"wp-block-spacer\"><\/div>\n\n\n\n<h3 class=\"wp-block-heading\" id=\"bibliografia\">bibliograf\u00eda<\/h3>\n\n\n\n<ol class=\"wp-block-list\"><li>Pinelli et.al., <a href=\"https:\/\/pubmed.ncbi.nlm.nih.gov\/32613887\/\">GAVeCeLT-WoCoVA Consensus on subcutaneously anchored securement devices for the securement of venous catheters: Current evidence and recommendations for future research<\/a>. J Vasc Access. ;22(5):716-725. &#8211; Septiembre 2021<\/li><li>Gu\u00edas NICE, <a href=\"https:\/\/www.nice.org.uk\/guidance\/mtg34\/resources\/securacath-for-securing-percutaneous-catheters-pdf-64371995311813\">SecurAcath for securing percutaneous catheters<\/a> &#8211; Actualizadas en 2022<\/li><li>Infusion Nursing Society Guidelines, 2021<\/li><\/ol>\n\n\n\n<div style=\"height:50px\" aria-hidden=\"true\" class=\"wp-block-spacer\"><\/div>\n\n\n\n<h3 class=\"wp-block-heading\" id=\"bibliografia\">Te puede interesar<\/h3>\n\n\n\n<h3 class=\"wp-block-heading\" id=\"bibliografia\"><a href=\"https:\/\/campusvygon.com\/es\/curso-gloria-ortiz-mauro-pittiruti-anclaje-subcutaneo\/\">Curso con Gloria Ortiz y Mauro Pittiruti: la fijaci\u00f3n con anclaje subcut\u00e1neo<\/a><\/h3>\n\n\n\n<h3 class=\"wp-block-heading\" id=\"bibliografia\"><a href=\"https:\/\/campusvygon.com\/es\/evitar-infeccion-acceso-vascular-papel-del-anclaje-subcutaneo\/\">C\u00f3mo evitar la infecci\u00f3n del acceso vascular: el papel del anclaje subcut\u00e1neo<\/a><\/h3>\n\n\n\n<h3 class=\"wp-block-heading\" id=\"bibliografia\"><a href=\"https:\/\/campusvygon.com\/es\/dejar-de-suturar-un-acceso-vascular\/\">3 Motivos por los que dejar de suturar un acceso vascular<\/a><\/h3>\n\n\n\n<h3 class=\"wp-block-heading\" id=\"bibliografia\"><a href=\"https:\/\/campusvygon.com\/es\/consejos-fijacion-sin-suturas\/\">3 cosas que debes saber sobre los sistemas de fijaci\u00f3n sin suturas<\/a><a id=\"_msocom_1\"><\/a><\/h3>\n\n\n\n<div style=\"height:50px\" aria-hidden=\"true\" class=\"wp-block-spacer\"><\/div>\n\n\n\n<h3 class=\"wp-block-heading\" id=\"contenidos-utilizados\">contenidos utilizados<\/h3>\n\n\n\n<p>En Adobe Stock:<\/p>\n\n\n\n<ul class=\"wp-block-list\"><li>Iconos: regla de <a href=\"https:\/\/stock.adobe.com\/es\/contributor\/280759\/vectorvstocker?load_type=author&amp;prev_url=detail\">Vectorvstocker<\/a> y 90\u00ba de <a href=\"https:\/\/stock.adobe.com\/es\/contributor\/206736628\/tilegen?load_type=author&amp;prev_url=detail\">Tilegen<\/a><\/li><\/ul>\n\n\n\n<p>En Flaticon, iconos de:<\/p>\n\n\n\n<ul class=\"wp-block-list\"><li><a href=\"https:\/\/www.flaticon.es\/iconos-gratis\/piel\">Piel<\/a><\/li><li><a href=\"https:\/\/www.flaticon.es\/iconos-gratis\/tijeras\">Tijeras<\/a><\/li><li><a href=\"https:\/\/www.flaticon.es\/iconos-gratis\/flechas\">Flecha<\/a><\/li><\/ul>\n\n\n\n<p><\/p>\n","protected":false},"excerpt":{"rendered":"<p>En el acceso vascular, mucho es lo que se ha escrito en la literatura cient\u00edfica al prop\u00f3sito de fijaci\u00f3n, a favor de aquellos sistemas que desestiman el uso de las suturas, no recomendadas desde hace a\u00f1os por las principales gu\u00edas internacionales. Actualmente, entre los distintos tipos de fijaci\u00f3n sin suturas destacan los adhesivos y los de anclaje subcut\u00e1neo. Esta segunda modalidad de fijaci\u00f3n ha demostrado ser eficaz y dar buenos resultados incluso en aspectos y contextos en los cuales otros sistemas no pueden dar soluci\u00f3n.<\/p>\n","protected":false},"author":13,"featured_media":46501,"comment_status":"open","ping_status":"open","sticky":false,"template":"","format":"standard","meta":{"_acf_changed":false,"_et_pb_use_builder":"","_et_pb_old_content":"","_et_gb_content_width":"","footnotes":""},"categories":[116],"tags":[141,126,480,328,143,144,75],"class_list":["post-31374","post","type-post","status-publish","format-standard","has-post-thumbnail","hentry","category-terapias-intravasculares","tag-acceso-vascular","tag-cvc","tag-fijacion-de-anclaje-subcutaneo","tag-fijacion-del-cateter","tag-linea-media","tag-midline","tag-picc"],"acf":[],"yoast_head":"<!-- This site is optimized with the Yoast SEO plugin v27.4 - https:\/\/yoast.com\/product\/yoast-seo-wordpress\/ -->\n<title>Cu\u00e1ndo y c\u00f3mo y usar la fijaci\u00f3n con anclaje subcut\u00e1neo - Campus Vygon Espa\u00f1a<\/title>\n<meta name=\"description\" content=\"La eficacia de la fijaci\u00f3n con anclaje subcutaneo depende un factor importante: la correcta formaci\u00f3n del profesional que lo vaya a usar.\" \/>\n<meta name=\"robots\" content=\"index, follow, max-snippet:-1, max-image-preview:large, max-video-preview:-1\" \/>\n<link rel=\"canonical\" href=\"https:\/\/campusvygon.com\/es\/cuando-y-como-y-usar-la-fijacion-con-anclaje-subcutaneo\/\" \/>\n<meta property=\"og:locale\" content=\"es_ES\" \/>\n<meta property=\"og:type\" content=\"article\" \/>\n<meta property=\"og:title\" content=\"Cu\u00e1ndo y c\u00f3mo y usar la fijaci\u00f3n con anclaje subcut\u00e1neo - Campus Vygon Espa\u00f1a\" \/>\n<meta property=\"og:description\" content=\"La eficacia de la fijaci\u00f3n con anclaje subcutaneo depende un factor importante: la correcta formaci\u00f3n del profesional que lo vaya a usar.\" \/>\n<meta property=\"og:url\" content=\"https:\/\/campusvygon.com\/es\/cuando-y-como-y-usar-la-fijacion-con-anclaje-subcutaneo\/\" \/>\n<meta property=\"og:site_name\" content=\"Campus Vygon Espa\u00f1a\" \/>\n<meta property=\"article:published_time\" content=\"2022-02-22T08:41:16+00:00\" \/>\n<meta property=\"article:modified_time\" content=\"2025-07-21T11:21:00+00:00\" \/>\n<meta property=\"og:image\" content=\"https:\/\/campusvygon.com\/es\/wp-content\/uploads\/sites\/7\/2025\/07\/Portada-fijacion-anclaje-subcutaneo-scaled.jpeg\" \/>\n\t<meta property=\"og:image:width\" content=\"2560\" \/>\n\t<meta property=\"og:image:height\" content=\"1440\" \/>\n\t<meta property=\"og:image:type\" content=\"image\/jpeg\" \/>\n<meta name=\"author\" content=\"Gloria Ortiz Miluy\" \/>\n<meta name=\"twitter:card\" content=\"summary_large_image\" \/>\n<meta name=\"twitter:creator\" content=\"@https:\/\/twitter.com\/GloOrtizMiluy\" \/>\n<meta name=\"twitter:label1\" content=\"Escrito por\" \/>\n\t<meta name=\"twitter:data1\" content=\"Gloria Ortiz Miluy\" \/>\n\t<meta name=\"twitter:label2\" content=\"Tiempo de lectura\" \/>\n\t<meta name=\"twitter:data2\" content=\"18 minutos\" \/>\n<script type=\"application\/ld+json\" class=\"yoast-schema-graph\">{\"@context\":\"https:\\\/\\\/schema.org\",\"@graph\":[{\"@type\":\"Article\",\"@id\":\"https:\\\/\\\/campusvygon.com\\\/es\\\/cuando-y-como-y-usar-la-fijacion-con-anclaje-subcutaneo\\\/#article\",\"isPartOf\":{\"@id\":\"https:\\\/\\\/campusvygon.com\\\/es\\\/cuando-y-como-y-usar-la-fijacion-con-anclaje-subcutaneo\\\/\"},\"author\":{\"name\":\"Gloria Ortiz Miluy\",\"@id\":\"https:\\\/\\\/campusvygon.com\\\/es\\\/#\\\/schema\\\/person\\\/7446532368a3e881db07c774c32b0992\"},\"headline\":\"Cu\u00e1ndo y c\u00f3mo y usar la fijaci\u00f3n con anclaje subcut\u00e1neo\",\"datePublished\":\"2022-02-22T08:41:16+00:00\",\"dateModified\":\"2025-07-21T11:21:00+00:00\",\"mainEntityOfPage\":{\"@id\":\"https:\\\/\\\/campusvygon.com\\\/es\\\/cuando-y-como-y-usar-la-fijacion-con-anclaje-subcutaneo\\\/\"},\"wordCount\":1729,\"commentCount\":0,\"image\":{\"@id\":\"https:\\\/\\\/campusvygon.com\\\/es\\\/cuando-y-como-y-usar-la-fijacion-con-anclaje-subcutaneo\\\/#primaryimage\"},\"thumbnailUrl\":\"https:\\\/\\\/campusvygon.com\\\/es\\\/wp-content\\\/uploads\\\/sites\\\/7\\\/2025\\\/07\\\/Portada-fijacion-anclaje-subcutaneo-scaled.jpeg\",\"keywords\":[\"acceso vascular\",\"CVC\",\"fijaci\u00f3n de anclaje subcut\u00e1neo\",\"fijaci\u00f3n del cat\u00e9ter\",\"linea media\",\"midline\",\"PICC\"],\"articleSection\":[\"Terapias Intravasculares\"],\"inLanguage\":\"es\",\"potentialAction\":[{\"@type\":\"CommentAction\",\"name\":\"Comment\",\"target\":[\"https:\\\/\\\/campusvygon.com\\\/es\\\/cuando-y-como-y-usar-la-fijacion-con-anclaje-subcutaneo\\\/#respond\"]}]},{\"@type\":\"WebPage\",\"@id\":\"https:\\\/\\\/campusvygon.com\\\/es\\\/cuando-y-como-y-usar-la-fijacion-con-anclaje-subcutaneo\\\/\",\"url\":\"https:\\\/\\\/campusvygon.com\\\/es\\\/cuando-y-como-y-usar-la-fijacion-con-anclaje-subcutaneo\\\/\",\"name\":\"Cu\u00e1ndo y c\u00f3mo y usar la fijaci\u00f3n con anclaje subcut\u00e1neo - Campus Vygon Espa\u00f1a\",\"isPartOf\":{\"@id\":\"https:\\\/\\\/campusvygon.com\\\/es\\\/#website\"},\"primaryImageOfPage\":{\"@id\":\"https:\\\/\\\/campusvygon.com\\\/es\\\/cuando-y-como-y-usar-la-fijacion-con-anclaje-subcutaneo\\\/#primaryimage\"},\"image\":{\"@id\":\"https:\\\/\\\/campusvygon.com\\\/es\\\/cuando-y-como-y-usar-la-fijacion-con-anclaje-subcutaneo\\\/#primaryimage\"},\"thumbnailUrl\":\"https:\\\/\\\/campusvygon.com\\\/es\\\/wp-content\\\/uploads\\\/sites\\\/7\\\/2025\\\/07\\\/Portada-fijacion-anclaje-subcutaneo-scaled.jpeg\",\"datePublished\":\"2022-02-22T08:41:16+00:00\",\"dateModified\":\"2025-07-21T11:21:00+00:00\",\"author\":{\"@id\":\"https:\\\/\\\/campusvygon.com\\\/es\\\/#\\\/schema\\\/person\\\/7446532368a3e881db07c774c32b0992\"},\"description\":\"La eficacia de la fijaci\u00f3n con anclaje subcutaneo depende un factor importante: la correcta formaci\u00f3n del profesional que lo vaya a usar.\",\"breadcrumb\":{\"@id\":\"https:\\\/\\\/campusvygon.com\\\/es\\\/cuando-y-como-y-usar-la-fijacion-con-anclaje-subcutaneo\\\/#breadcrumb\"},\"inLanguage\":\"es\",\"potentialAction\":[{\"@type\":\"ReadAction\",\"target\":[\"https:\\\/\\\/campusvygon.com\\\/es\\\/cuando-y-como-y-usar-la-fijacion-con-anclaje-subcutaneo\\\/\"]}]},{\"@type\":\"ImageObject\",\"inLanguage\":\"es\",\"@id\":\"https:\\\/\\\/campusvygon.com\\\/es\\\/cuando-y-como-y-usar-la-fijacion-con-anclaje-subcutaneo\\\/#primaryimage\",\"url\":\"https:\\\/\\\/campusvygon.com\\\/es\\\/wp-content\\\/uploads\\\/sites\\\/7\\\/2025\\\/07\\\/Portada-fijacion-anclaje-subcutaneo-scaled.jpeg\",\"contentUrl\":\"https:\\\/\\\/campusvygon.com\\\/es\\\/wp-content\\\/uploads\\\/sites\\\/7\\\/2025\\\/07\\\/Portada-fijacion-anclaje-subcutaneo-scaled.jpeg\",\"width\":2560,\"height\":1440,\"caption\":\"cu\u00e1ndo y c\u00f3mo usar la fijaci\u00f3n con anclaje subcut\u00e1neo\"},{\"@type\":\"BreadcrumbList\",\"@id\":\"https:\\\/\\\/campusvygon.com\\\/es\\\/cuando-y-como-y-usar-la-fijacion-con-anclaje-subcutaneo\\\/#breadcrumb\",\"itemListElement\":[{\"@type\":\"ListItem\",\"position\":1,\"name\":\"Portada\",\"item\":\"https:\\\/\\\/campusvygon.com\\\/es\\\/\"},{\"@type\":\"ListItem\",\"position\":2,\"name\":\"Cu\u00e1ndo y c\u00f3mo y usar la fijaci\u00f3n con anclaje subcut\u00e1neo\"}]},{\"@type\":\"WebSite\",\"@id\":\"https:\\\/\\\/campusvygon.com\\\/es\\\/#website\",\"url\":\"https:\\\/\\\/campusvygon.com\\\/es\\\/\",\"name\":\"Campus Vygon Espa\u00f1a\",\"description\":\"Un espacio para aprender sobre procedimientos y t\u00e9cnicas sanitarias de la mano de profesionales de referencia.\",\"potentialAction\":[{\"@type\":\"SearchAction\",\"target\":{\"@type\":\"EntryPoint\",\"urlTemplate\":\"https:\\\/\\\/campusvygon.com\\\/es\\\/?s={search_term_string}\"},\"query-input\":{\"@type\":\"PropertyValueSpecification\",\"valueRequired\":true,\"valueName\":\"search_term_string\"}}],\"inLanguage\":\"es\"},{\"@type\":\"Person\",\"@id\":\"https:\\\/\\\/campusvygon.com\\\/es\\\/#\\\/schema\\\/person\\\/7446532368a3e881db07c774c32b0992\",\"name\":\"Gloria Ortiz Miluy\",\"image\":{\"@type\":\"ImageObject\",\"inLanguage\":\"es\",\"@id\":\"https:\\\/\\\/campusvygon.com\\\/es\\\/wp-content\\\/plugins\\\/wp-user-avatar\\\/deprecated\\\/wp-user-avatar\\\/images\\\/wpua-96x96.png\",\"url\":\"https:\\\/\\\/campusvygon.com\\\/es\\\/wp-content\\\/plugins\\\/wp-user-avatar\\\/deprecated\\\/wp-user-avatar\\\/images\\\/wpua-96x96.png\",\"contentUrl\":\"https:\\\/\\\/campusvygon.com\\\/es\\\/wp-content\\\/plugins\\\/wp-user-avatar\\\/deprecated\\\/wp-user-avatar\\\/images\\\/wpua-96x96.png\",\"caption\":\"Gloria Ortiz Miluy\"},\"description\":\"Enfermera especialista en Investigaci\u00f3n, Docencia y Gesti\u00f3n por la Universit\u00e0 La Sapienza (Roma). M\u00e1ster de Accesos vasculares por la Universit\u00e0\u00a0 Cattolica del Sacro Cuore (Roma) Especialista en inserci\u00f3n y gesti\u00f3n de PICC-port por la Universit\u00e0\u00a0 Cattolica del Sacro Cuore (Roma) Especialista en inserci\u00f3n y gesti\u00f3n de FICCpor la Universit\u00e0\u00a0 Cattolica del Sacro Cuore (Roma) M\u00e1ster en Gesti\u00f3n hospitalaria por la Universidad IMF Experta en Integridad de la Piel y curas complejas (Universidad San Jorge) Doctoranda UIB Subdirectora del Experto Universitario Accesos Vasculares Ecoguiados por la Universidad Aut\u00f3noma de Madrid Revisora de la revista cient\u00edfica Journal of Vascular Access Revisora de la revista cient\u00edfica Enfermer\u00eda Cl\u00ednica Comit\u00e9 Cient\u00edfico y Global de WoCoVA\\\/GloVAnet Faculty GAVeCeLT\",\"sameAs\":[\"https:\\\/\\\/www.fjd.es\\\/\",\"https:\\\/\\\/x.com\\\/https:\\\/\\\/twitter.com\\\/GloOrtizMiluy\"],\"url\":\"https:\\\/\\\/campusvygon.com\\\/es\\\/author\\\/gortiz\\\/\"}]}<\/script>\n<!-- \/ Yoast SEO plugin. -->","yoast_head_json":{"title":"Cu\u00e1ndo y c\u00f3mo y usar la fijaci\u00f3n con anclaje subcut\u00e1neo - Campus Vygon Espa\u00f1a","description":"La eficacia de la fijaci\u00f3n con anclaje subcutaneo depende un factor importante: la correcta formaci\u00f3n del profesional que lo vaya a usar.","robots":{"index":"index","follow":"follow","max-snippet":"max-snippet:-1","max-image-preview":"max-image-preview:large","max-video-preview":"max-video-preview:-1"},"canonical":"https:\/\/campusvygon.com\/es\/cuando-y-como-y-usar-la-fijacion-con-anclaje-subcutaneo\/","og_locale":"es_ES","og_type":"article","og_title":"Cu\u00e1ndo y c\u00f3mo y usar la fijaci\u00f3n con anclaje subcut\u00e1neo - Campus Vygon Espa\u00f1a","og_description":"La eficacia de la fijaci\u00f3n con anclaje subcutaneo depende un factor importante: la correcta formaci\u00f3n del profesional que lo vaya a usar.","og_url":"https:\/\/campusvygon.com\/es\/cuando-y-como-y-usar-la-fijacion-con-anclaje-subcutaneo\/","og_site_name":"Campus Vygon Espa\u00f1a","article_published_time":"2022-02-22T08:41:16+00:00","article_modified_time":"2025-07-21T11:21:00+00:00","og_image":[{"width":2560,"height":1440,"url":"https:\/\/campusvygon.com\/es\/wp-content\/uploads\/sites\/7\/2025\/07\/Portada-fijacion-anclaje-subcutaneo-scaled.jpeg","type":"image\/jpeg"}],"author":"Gloria Ortiz Miluy","twitter_card":"summary_large_image","twitter_creator":"@https:\/\/twitter.com\/GloOrtizMiluy","twitter_misc":{"Escrito por":"Gloria Ortiz Miluy","Tiempo de lectura":"18 minutos"},"schema":{"@context":"https:\/\/schema.org","@graph":[{"@type":"Article","@id":"https:\/\/campusvygon.com\/es\/cuando-y-como-y-usar-la-fijacion-con-anclaje-subcutaneo\/#article","isPartOf":{"@id":"https:\/\/campusvygon.com\/es\/cuando-y-como-y-usar-la-fijacion-con-anclaje-subcutaneo\/"},"author":{"name":"Gloria Ortiz Miluy","@id":"https:\/\/campusvygon.com\/es\/#\/schema\/person\/7446532368a3e881db07c774c32b0992"},"headline":"Cu\u00e1ndo y c\u00f3mo y usar la fijaci\u00f3n con anclaje subcut\u00e1neo","datePublished":"2022-02-22T08:41:16+00:00","dateModified":"2025-07-21T11:21:00+00:00","mainEntityOfPage":{"@id":"https:\/\/campusvygon.com\/es\/cuando-y-como-y-usar-la-fijacion-con-anclaje-subcutaneo\/"},"wordCount":1729,"commentCount":0,"image":{"@id":"https:\/\/campusvygon.com\/es\/cuando-y-como-y-usar-la-fijacion-con-anclaje-subcutaneo\/#primaryimage"},"thumbnailUrl":"https:\/\/campusvygon.com\/es\/wp-content\/uploads\/sites\/7\/2025\/07\/Portada-fijacion-anclaje-subcutaneo-scaled.jpeg","keywords":["acceso vascular","CVC","fijaci\u00f3n de anclaje subcut\u00e1neo","fijaci\u00f3n del cat\u00e9ter","linea media","midline","PICC"],"articleSection":["Terapias Intravasculares"],"inLanguage":"es","potentialAction":[{"@type":"CommentAction","name":"Comment","target":["https:\/\/campusvygon.com\/es\/cuando-y-como-y-usar-la-fijacion-con-anclaje-subcutaneo\/#respond"]}]},{"@type":"WebPage","@id":"https:\/\/campusvygon.com\/es\/cuando-y-como-y-usar-la-fijacion-con-anclaje-subcutaneo\/","url":"https:\/\/campusvygon.com\/es\/cuando-y-como-y-usar-la-fijacion-con-anclaje-subcutaneo\/","name":"Cu\u00e1ndo y c\u00f3mo y usar la fijaci\u00f3n con anclaje subcut\u00e1neo - Campus Vygon Espa\u00f1a","isPartOf":{"@id":"https:\/\/campusvygon.com\/es\/#website"},"primaryImageOfPage":{"@id":"https:\/\/campusvygon.com\/es\/cuando-y-como-y-usar-la-fijacion-con-anclaje-subcutaneo\/#primaryimage"},"image":{"@id":"https:\/\/campusvygon.com\/es\/cuando-y-como-y-usar-la-fijacion-con-anclaje-subcutaneo\/#primaryimage"},"thumbnailUrl":"https:\/\/campusvygon.com\/es\/wp-content\/uploads\/sites\/7\/2025\/07\/Portada-fijacion-anclaje-subcutaneo-scaled.jpeg","datePublished":"2022-02-22T08:41:16+00:00","dateModified":"2025-07-21T11:21:00+00:00","author":{"@id":"https:\/\/campusvygon.com\/es\/#\/schema\/person\/7446532368a3e881db07c774c32b0992"},"description":"La eficacia de la fijaci\u00f3n con anclaje subcutaneo depende un factor importante: la correcta formaci\u00f3n del profesional que lo vaya a usar.","breadcrumb":{"@id":"https:\/\/campusvygon.com\/es\/cuando-y-como-y-usar-la-fijacion-con-anclaje-subcutaneo\/#breadcrumb"},"inLanguage":"es","potentialAction":[{"@type":"ReadAction","target":["https:\/\/campusvygon.com\/es\/cuando-y-como-y-usar-la-fijacion-con-anclaje-subcutaneo\/"]}]},{"@type":"ImageObject","inLanguage":"es","@id":"https:\/\/campusvygon.com\/es\/cuando-y-como-y-usar-la-fijacion-con-anclaje-subcutaneo\/#primaryimage","url":"https:\/\/campusvygon.com\/es\/wp-content\/uploads\/sites\/7\/2025\/07\/Portada-fijacion-anclaje-subcutaneo-scaled.jpeg","contentUrl":"https:\/\/campusvygon.com\/es\/wp-content\/uploads\/sites\/7\/2025\/07\/Portada-fijacion-anclaje-subcutaneo-scaled.jpeg","width":2560,"height":1440,"caption":"cu\u00e1ndo y c\u00f3mo usar la fijaci\u00f3n con anclaje subcut\u00e1neo"},{"@type":"BreadcrumbList","@id":"https:\/\/campusvygon.com\/es\/cuando-y-como-y-usar-la-fijacion-con-anclaje-subcutaneo\/#breadcrumb","itemListElement":[{"@type":"ListItem","position":1,"name":"Portada","item":"https:\/\/campusvygon.com\/es\/"},{"@type":"ListItem","position":2,"name":"Cu\u00e1ndo y c\u00f3mo y usar la fijaci\u00f3n con anclaje subcut\u00e1neo"}]},{"@type":"WebSite","@id":"https:\/\/campusvygon.com\/es\/#website","url":"https:\/\/campusvygon.com\/es\/","name":"Campus Vygon Espa\u00f1a","description":"Un espacio para aprender sobre procedimientos y t\u00e9cnicas sanitarias de la mano de profesionales de referencia.","potentialAction":[{"@type":"SearchAction","target":{"@type":"EntryPoint","urlTemplate":"https:\/\/campusvygon.com\/es\/?s={search_term_string}"},"query-input":{"@type":"PropertyValueSpecification","valueRequired":true,"valueName":"search_term_string"}}],"inLanguage":"es"},{"@type":"Person","@id":"https:\/\/campusvygon.com\/es\/#\/schema\/person\/7446532368a3e881db07c774c32b0992","name":"Gloria Ortiz Miluy","image":{"@type":"ImageObject","inLanguage":"es","@id":"https:\/\/campusvygon.com\/es\/wp-content\/plugins\/wp-user-avatar\/deprecated\/wp-user-avatar\/images\/wpua-96x96.png","url":"https:\/\/campusvygon.com\/es\/wp-content\/plugins\/wp-user-avatar\/deprecated\/wp-user-avatar\/images\/wpua-96x96.png","contentUrl":"https:\/\/campusvygon.com\/es\/wp-content\/plugins\/wp-user-avatar\/deprecated\/wp-user-avatar\/images\/wpua-96x96.png","caption":"Gloria Ortiz Miluy"},"description":"Enfermera especialista en Investigaci\u00f3n, Docencia y Gesti\u00f3n por la Universit\u00e0 La Sapienza (Roma). M\u00e1ster de Accesos vasculares por la Universit\u00e0\u00a0 Cattolica del Sacro Cuore (Roma) Especialista en inserci\u00f3n y gesti\u00f3n de PICC-port por la Universit\u00e0\u00a0 Cattolica del Sacro Cuore (Roma) Especialista en inserci\u00f3n y gesti\u00f3n de FICCpor la Universit\u00e0\u00a0 Cattolica del Sacro Cuore (Roma) M\u00e1ster en Gesti\u00f3n hospitalaria por la Universidad IMF Experta en Integridad de la Piel y curas complejas (Universidad San Jorge) Doctoranda UIB Subdirectora del Experto Universitario Accesos Vasculares Ecoguiados por la Universidad Aut\u00f3noma de Madrid Revisora de la revista cient\u00edfica Journal of Vascular Access Revisora de la revista cient\u00edfica Enfermer\u00eda Cl\u00ednica Comit\u00e9 Cient\u00edfico y Global de WoCoVA\/GloVAnet Faculty GAVeCeLT","sameAs":["https:\/\/www.fjd.es\/","https:\/\/x.com\/https:\/\/twitter.com\/GloOrtizMiluy"],"url":"https:\/\/campusvygon.com\/es\/author\/gortiz\/"}]}},"_links":{"self":[{"href":"https:\/\/campusvygon.com\/es\/wp-json\/wp\/v2\/posts\/31374","targetHints":{"allow":["GET"]}}],"collection":[{"href":"https:\/\/campusvygon.com\/es\/wp-json\/wp\/v2\/posts"}],"about":[{"href":"https:\/\/campusvygon.com\/es\/wp-json\/wp\/v2\/types\/post"}],"author":[{"embeddable":true,"href":"https:\/\/campusvygon.com\/es\/wp-json\/wp\/v2\/users\/13"}],"replies":[{"embeddable":true,"href":"https:\/\/campusvygon.com\/es\/wp-json\/wp\/v2\/comments?post=31374"}],"version-history":[{"count":39,"href":"https:\/\/campusvygon.com\/es\/wp-json\/wp\/v2\/posts\/31374\/revisions"}],"predecessor-version":[{"id":46504,"href":"https:\/\/campusvygon.com\/es\/wp-json\/wp\/v2\/posts\/31374\/revisions\/46504"}],"wp:featuredmedia":[{"embeddable":true,"href":"https:\/\/campusvygon.com\/es\/wp-json\/wp\/v2\/media\/46501"}],"wp:attachment":[{"href":"https:\/\/campusvygon.com\/es\/wp-json\/wp\/v2\/media?parent=31374"}],"wp:term":[{"taxonomy":"category","embeddable":true,"href":"https:\/\/campusvygon.com\/es\/wp-json\/wp\/v2\/categories?post=31374"},{"taxonomy":"post_tag","embeddable":true,"href":"https:\/\/campusvygon.com\/es\/wp-json\/wp\/v2\/tags?post=31374"}],"curies":[{"name":"wp","href":"https:\/\/api.w.org\/{rel}","templated":true}]}}