{"id":31440,"date":"2022-02-24T08:27:35","date_gmt":"2022-02-24T07:27:35","guid":{"rendered":"https:\/\/campusvygon.com\/es\/?p=31440"},"modified":"2025-07-21T09:18:33","modified_gmt":"2025-07-21T07:18:33","slug":"adhesivos-cateteres-neonatos","status":"publish","type":"post","link":"https:\/\/campusvygon.com\/es\/adhesivos-cateteres-neonatos\/","title":{"rendered":"Recomendaciones en el uso de adhesivos de fijaci\u00f3n de cat\u00e9teres en neonatos"},"content":{"rendered":"\n<p>La piel del neonato es fundamental en su adaptaci\u00f3n a la vida extrauterina. Es un \u00f3rgano complejo y din\u00e1mico que cumple una serie de funciones vitales que permiten el desarrollo correcto del reci\u00e9n nacido.<br><br>La dermis de un neonato es delgada y la barrera protectora presenta un menor grado de desarrollo. La vulnerabilidad de este \u00f3rgano es todav\u00eda mayor en reci\u00e9n nacidos prematuros donde se incrementa el riesgo de sufrir lesiones.<\/p>\n\n\n\n<div style=\"height:40px\" aria-hidden=\"true\" class=\"wp-block-spacer\"><\/div>\n\n\n\n<div class=\"wp-block-cover is-light\" style=\"min-height:125px;aspect-ratio:unset;\"><span aria-hidden=\"true\" class=\"wp-block-cover__gradient-background has-background-dim\"><\/span><img loading=\"lazy\" decoding=\"async\" width=\"1024\" height=\"512\" class=\"wp-block-cover__image-background wp-image-31441\" alt=\"Recomendaciones en el uso de adhesivos de fijaci\u00f3n\" src=\"https:\/\/campusvygon.com\/es\/wp-content\/uploads\/sites\/7\/2022\/02\/Recomendaciones-en-el-uso-de-adhesivos-de-fijaci.jpg\" data-object-fit=\"cover\" srcset=\"https:\/\/campusvygon.com\/es\/wp-content\/uploads\/sites\/7\/2022\/02\/Recomendaciones-en-el-uso-de-adhesivos-de-fijaci.jpg 1024w, https:\/\/campusvygon.com\/es\/wp-content\/uploads\/sites\/7\/2022\/02\/Recomendaciones-en-el-uso-de-adhesivos-de-fijaci-980x490.jpg 980w, https:\/\/campusvygon.com\/es\/wp-content\/uploads\/sites\/7\/2022\/02\/Recomendaciones-en-el-uso-de-adhesivos-de-fijaci-480x240.jpg 480w\" sizes=\"(min-width: 0px) and (max-width: 480px) 480px, (min-width: 481px) and (max-width: 980px) 980px, (min-width: 981px) 1024px, 100vw\" \/><div class=\"wp-block-cover__inner-container is-layout-flow wp-block-cover-is-layout-flow\">\n<p class=\"has-text-align-center has-white-color has-text-color has-medium-font-size\">CONTENIDO RELACIONDO<\/p>\n\n\n\n<p class=\"has-text-align-center has-white-color has-text-color has-small-font-size\"><a href=\"https:\/\/campusvygon.com\/es\/piel-recien-nacido\/\">El c<\/a><a href=\"https:\/\/campusvygon.com\/es\/piel-recien-nacido\/\" target=\"_blank\" rel=\"noreferrer noopener\">uidado de la piel del reci\u00e9n nacido: lesiones y manejo (campusvygon.com\/es)<\/a><\/p>\n<\/div><\/div>\n\n\n\n<div style=\"height:40px\" aria-hidden=\"true\" class=\"wp-block-spacer\"><\/div>\n\n\n\n<p>Por ese motivo, uno de los factores a tener en cuenta para mejorar la atenci\u00f3n integral de la piel del reci\u00e9n nacido es el adecuado uso adhesivo de fijaci\u00f3n de cat\u00e9teres. Estos dispositivos son habituales en pacientes de UCIN para asegurar la correcta fijaci\u00f3n y evitar desplazamientos de los tubos a los que se encuentran conectados.<br><br>Estas herramientas de fijaci\u00f3n pueden causar eritemas, ampollas u otras complicaciones cut\u00e1neas anormales, generalmente, por una incorrecta elecci\u00f3n, colocaci\u00f3n o retirada del adhesivo.<\/p>\n\n\n\n<div style=\"height:45px\" aria-hidden=\"true\" class=\"wp-block-spacer\"><\/div>\n\n\n\n<div class=\"wp-block-image\"><figure class=\"aligncenter size-full\"><a href=\"https:\/\/formacion.campusvygon.com\/es\/cursos\/curso-acreditado-piccs-en-neonatos-75?edicion=91&amp;tab=info\"><img loading=\"lazy\" decoding=\"async\" width=\"1024\" height=\"512\" src=\"https:\/\/campusvygon.com\/es\/wp-content\/uploads\/sites\/7\/2022\/01\/twitter-facebook-2.jpg\" alt=\"curso PICC acreditado neonatos\" class=\"wp-image-30870\" srcset=\"https:\/\/campusvygon.com\/es\/wp-content\/uploads\/sites\/7\/2022\/01\/twitter-facebook-2.jpg 1024w, https:\/\/campusvygon.com\/es\/wp-content\/uploads\/sites\/7\/2022\/01\/twitter-facebook-2-980x490.jpg 980w, https:\/\/campusvygon.com\/es\/wp-content\/uploads\/sites\/7\/2022\/01\/twitter-facebook-2-480x240.jpg 480w\" sizes=\"(min-width: 0px) and (max-width: 480px) 480px, (min-width: 481px) and (max-width: 980px) 980px, (min-width: 981px) 1024px, 100vw\" \/><\/a><\/figure><\/div>\n\n\n\n<div style=\"height:45px\" aria-hidden=\"true\" class=\"wp-block-spacer\"><\/div>\n\n\n\n<p>En este post, repasaremos las recomendaciones existentes avaladas por estudios y la experiencia de los profesionales a la hora de manejar los ap\u00f3sitos.<\/p>\n\n\n\n<div style=\"height:30px\" aria-hidden=\"true\" class=\"wp-block-spacer\"><\/div>\n\n\n\n<div class=\"wp-block-image\"><figure class=\"aligncenter size-large\"><a href=\"https:\/\/campusvygon.com\/es\/project\/adhesivos-cateteres-neonatales\/\"><img loading=\"lazy\" decoding=\"async\" width=\"1024\" height=\"724\" src=\"https:\/\/campusvygon.com\/es\/wp-content\/uploads\/sites\/7\/2022\/02\/Infografia-caracterisitcas-adhesivos_Mesa-de-trabajo-1-1024x724.jpg\" alt=\"Recomendaciones en el uso de adhesivos de fijaci\u00f3n de cat\u00e9teres en neonatos \" class=\"wp-image-31444\" srcset=\"https:\/\/campusvygon.com\/es\/wp-content\/uploads\/sites\/7\/2022\/02\/Infografia-caracterisitcas-adhesivos_Mesa-de-trabajo-1-980x693.jpg 980w, https:\/\/campusvygon.com\/es\/wp-content\/uploads\/sites\/7\/2022\/02\/Infografia-caracterisitcas-adhesivos_Mesa-de-trabajo-1-480x340.jpg 480w\" sizes=\"(min-width: 0px) and (max-width: 480px) 480px, (min-width: 481px) and (max-width: 980px) 980px, (min-width: 981px) 1024px, 100vw\" \/><\/a><\/figure><\/div>\n\n\n\n<div style=\"height:30px\" aria-hidden=\"true\" class=\"wp-block-spacer\"><\/div>\n\n\n\n<h3 class=\"wp-block-heading\" id=\"recomendaciones-para-la-eleccion-del-aposito\">RECOMENDACIONES PARA LA ELECCI\u00d3N DEL AP\u00d3SITO<\/h3>\n\n\n\n<ul class=\"wp-block-list\"><li>Una de las principales cuestiones a la hora determinar el tipo de ap\u00f3sito que vamos a elegir en estos pacientes viene dada por la <strong>capacidad de adhesi\u00f3n<\/strong> que presenta el dispositivo. Se aconseja que los dispositivos presenten una <strong>adherencia segura para evitar el desplazamiento<\/strong> del cat\u00e9ter. Variables como la superficie o relieve de la zona d\u00f3nde se colocar\u00e1, el pH de la piel, lo movilidad que presente el neonato o la propia humedad del ambiente afectar\u00e1n las capacidades de adherencia de esta herramienta. Ser\u00e1 necesario evaluarlas, pues, antes de realizar la selecci\u00f3n.<\/li><\/ul>\n\n\n\n<ul class=\"wp-block-list\"><li>Muy relacionado con el punto anterior, <strong>se evitar\u00e1 el uso de cintas que se adhieran firmemente, agresivas<\/strong> o que dificulten la retirada o manipulaci\u00f3n. Se recomienda el <strong>uso de f\u00e1cil manejo para acceder al cat\u00e9ter<\/strong> para su limpieza o reposici\u00f3n.<\/li><\/ul>\n\n\n\n<ul class=\"wp-block-list\"><li>Cuando sea posible, <strong>priorizar el uso de adhesivos transparentes<\/strong> que permitan observar el punto de inserci\u00f3n del cat\u00e9ter <strong>para observar su evoluci\u00f3n, detectar<\/strong> r\u00e1pidamente la aparici\u00f3n de <strong>complicaciones<\/strong> y <strong>monitorear la existencia de sangrado<\/strong> en la zona de punci\u00f3n.&nbsp;<\/li><\/ul>\n\n\n\n<ul class=\"wp-block-list\"><li>Elegir <strong>dispositivos con protecci\u00f3n hidrocoloide<\/strong> que act\u00fae como segunda piel. Adem\u00e1s, tambi\u00e9n tendremos en cuenta que es habitual el empleo de dispositivos que protegen a piel del neonato ante el riesgo de erosi\u00f3n por el roce continuo del dispositivo m\u00e9dico. Algunos adhesivos existentes en el mercado cuentan ya con est\u00e1 protecci\u00f3n incorporada.<\/li><\/ul>\n\n\n\n<ul class=\"wp-block-list\"><li>Emplear <strong>sistemas de fijaci\u00f3n est\u00e9riles<\/strong> que permitan la colocaci\u00f3n cerca del lugar de inserci\u00f3n y reduzcan las posibilidades de colonizaci\u00f3n bacteriana.<\/li><\/ul>\n\n\n\n<ul class=\"wp-block-list\"><li><strong>Seleccionar dispositivos que se ajusten<\/strong> al tama\u00f1o del paciente con el objetivo de que exposici\u00f3n ser\u00e1 menor y por lo tanto menos agresiva para su delicada dermis.<\/li><\/ul>\n\n\n\n<p>Adem\u00e1s, el dispositivo de fijaci\u00f3n nunca deber\u00e1 rodear completamente la extremidad del paciente. Este mal uso expone una zona mayor al riesgo de irritaci\u00f3n u otros problemas relacionados con el adhesivo; podr\u00eda da\u00f1ar el cat\u00e9ter causando, entre otros ejemplos, obstrucci\u00f3n en el tubo; &nbsp;o, bien, podr\u00eda estrangular la extremidad en la que ha quedado fijado causando nuevas complicaciones al paciente.<\/p>\n\n\n\n<div style=\"height:20px\" aria-hidden=\"true\" class=\"wp-block-spacer\"><\/div>\n\n\n\n<h3 class=\"wp-block-heading\" id=\"protocolo-de-colocacion-de-la-fijacion\"><strong>PROTOCOLO DE COLOCACI\u00d3N DE LA FIJACI\u00d3N<\/strong><\/h3>\n\n\n\n<p>Una vez hemos seleccionado el dispositivo adecuado de fijaci\u00f3n para nuestro paciente, es momento de realizar su colocaci\u00f3n. Para ello tendremos en cuenta una serie de consejos que nos ayudar\u00e1n a prevenir lesiones relacionadas con el mal empleo de la fijaci\u00f3n.<\/p>\n\n\n\n<ul class=\"wp-block-list\"><li><strong>Evitar fijar <\/strong>el cat\u00e9ter<strong> en las zonas que presenten lesiones previas<\/strong> para reducir el da\u00f1o y dolor del reci\u00e9n nacido<\/li><li><strong>Limpiar y secar la zona de fijaci\u00f3n<\/strong>, de este modo se eliminan los restos de sangre u otros humores corporales que hayan podido quedar tras la inserci\u00f3n y reducir la humedad de la zona.<\/li><li><strong>No estirar ni tensar el adhesivo<\/strong>. Existe la creencia de que esta pr\u00e1ctica mejora la fijaci\u00f3n del adhesivo, sin embargo, la manipulaci\u00f3n aumenta el riesgo de contaminaci\u00f3n y no influye en su capacidad de adherencia.<\/li><li><strong>Realizar una sueve presi\u00f3n <\/strong>en el dispositivo para<strong> activar la f\u00f3rmula adhesiva<\/strong><\/li><li>Verificar que el cat\u00e9ter queda completamente pegado a la piel o del dispositivo de protecci\u00f3n. Es importante que<strong> no queden arrugas entre el dispositivo y la dermis <\/strong>para evitar la entrada de humedad que reduzca su capacidad de fijaci\u00f3n<\/li><\/ul>\n\n\n\n<div style=\"height:40px\" aria-hidden=\"true\" class=\"wp-block-spacer\"><\/div>\n\n\n\n<div class=\"wp-block-image\"><figure class=\"aligncenter size-large\"><img loading=\"lazy\" decoding=\"async\" width=\"1024\" height=\"724\" src=\"https:\/\/campusvygon.com\/es\/wp-content\/uploads\/sites\/7\/2022\/02\/Fijacion-picc_Mesa-de-trabajo-1-1024x724.jpg\" alt=\"\" class=\"wp-image-31457\" srcset=\"https:\/\/campusvygon.com\/es\/wp-content\/uploads\/sites\/7\/2022\/02\/Fijacion-picc_Mesa-de-trabajo-1-980x693.jpg 980w, https:\/\/campusvygon.com\/es\/wp-content\/uploads\/sites\/7\/2022\/02\/Fijacion-picc_Mesa-de-trabajo-1-480x340.jpg 480w\" sizes=\"(min-width: 0px) and (max-width: 480px) 480px, (min-width: 481px) and (max-width: 980px) 980px, (min-width: 981px) 1024px, 100vw\" \/><\/figure><\/div>\n\n\n\n<div style=\"height:40px\" aria-hidden=\"true\" class=\"wp-block-spacer\"><\/div>\n\n\n\n<h3 class=\"wp-block-heading\" id=\"protocolo-de-retirada-de-la-fijacion\"><strong>PROTOCOLO DE RETIRADA DE LA FIJACI\u00d3N<\/strong><\/h3>\n\n\n\n<p>Debemos tener en cuenta que los cat\u00e9teres en neonatos pueden estar colocados durante un largo periodo de tiempo en nuestro paciente. En muchas ocasiones el adhesivo deber\u00e1 se sustituido dentro del protocolo de mantenimiento de estos dispositivos m\u00e9dicos. Sin embargo, este cambio de no debe realizarse de forma rutinaria. En pacientes neonatales <strong>se recomienda desechar el dispositivo de fijaci\u00f3n solo cuando est\u00e9 da\u00f1ado, humedecido o visiblemente sucio.<\/strong><\/p>\n\n\n\n<ul class=\"wp-block-list\"><li>Comenzar la retirada del adhesivo <strong>despegando cuidadosamente los bordes de la fijaci\u00f3n <\/strong>con el objetivo de minimizar la invasividad del procedimiento<\/li><li><strong>Estabilizar la piel<\/strong> con dos dedos y <strong>retirar la cinta adhesiva de forma paralela<\/strong> a la misma<\/li><li>Se permite el empleo de una gasa o algod\u00f3n humedecido con agua para retirar con mayor facilidad el dispositivo. Sin embargo, queda <strong>desaconsejado el uso de solventes u otros productos absorbentes<\/strong> ya que, dadas las caracter\u00edsticas de permeabilidad de la dermis neonatal, estos <strong>podr\u00edan producir lesiones u hemorragias en la piel del reci\u00e9n nacido<\/strong>.<\/li><li><strong>No<\/strong> se aconseja <strong>retirar la fijaci\u00f3n antes de las 24 horas<\/strong> tras la colocaci\u00f3n. Esta recomendaci\u00f3n persigue la finalidad de disminuir el agente adhesivo que presentan los dispositivos.<\/li><\/ul>\n\n\n\n<div style=\"height:33px\" aria-hidden=\"true\" class=\"wp-block-spacer\"><\/div>\n\n\n\n<div class=\"wp-block-cover is-light\" style=\"min-height:125px;aspect-ratio:unset;\"><span aria-hidden=\"true\" class=\"wp-block-cover__gradient-background has-background-dim\"><\/span><img loading=\"lazy\" decoding=\"async\" width=\"1024\" height=\"512\" class=\"wp-block-cover__image-background wp-image-31441\" alt=\"Recomendaciones en el uso de adhesivos de fijaci\u00f3n\" src=\"https:\/\/campusvygon.com\/es\/wp-content\/uploads\/sites\/7\/2022\/02\/Recomendaciones-en-el-uso-de-adhesivos-de-fijaci.jpg\" data-object-fit=\"cover\" srcset=\"https:\/\/campusvygon.com\/es\/wp-content\/uploads\/sites\/7\/2022\/02\/Recomendaciones-en-el-uso-de-adhesivos-de-fijaci.jpg 1024w, https:\/\/campusvygon.com\/es\/wp-content\/uploads\/sites\/7\/2022\/02\/Recomendaciones-en-el-uso-de-adhesivos-de-fijaci-980x490.jpg 980w, https:\/\/campusvygon.com\/es\/wp-content\/uploads\/sites\/7\/2022\/02\/Recomendaciones-en-el-uso-de-adhesivos-de-fijaci-480x240.jpg 480w\" sizes=\"(min-width: 0px) and (max-width: 480px) 480px, (min-width: 481px) and (max-width: 980px) 980px, (min-width: 981px) 1024px, 100vw\" \/><div class=\"wp-block-cover__inner-container is-layout-flow wp-block-cover-is-layout-flow\">\n<p class=\"has-text-align-center has-white-color has-text-color has-medium-font-size\">CONTENIDO RELACIONDO<\/p>\n\n\n\n<p class=\"has-text-align-center has-white-color has-text-color has-small-font-size\"><a href=\"https:\/\/www.youtube.com\/watch?v=-FRc--vvxIo\" target=\"_blank\" rel=\"noreferrer noopener\">Dispositivos de fijaci\u00f3n de sondas<\/a><\/p>\n<\/div><\/div>\n\n\n\n<div style=\"height:33px\" aria-hidden=\"true\" class=\"wp-block-spacer\"><\/div>\n\n\n\n<p>Aplicar estos consejos como parte del protocolo de atenci\u00f3n de integridad de la piel del neonato ser\u00e1 una herramienta clave para poner en valor el cuidado de un \u00f3rgano fundamental en el desarrollo de estos pacientes, as\u00ed como, parar apoyar la puesta en marcha de procedimientos y t\u00e9cnicas que mejoran la salud y bienestar de los reci\u00e9n nacidos ingresados en las unidades neonatales.<\/p>\n\n\n\n<div style=\"height:20px\" aria-hidden=\"true\" class=\"wp-block-spacer\"><\/div>\n\n\n\n<h3 class=\"wp-block-heading\" id=\"bibliografia\">Bibliograf\u00eda<\/h3>\n\n\n\n<ol class=\"wp-block-list\"><li><em>\u00bfC\u00f3mo insertar un PICC en neonatos?: introducci\u00f3n, cuidados y retirada<\/em>. (2022, 17 febrero). Campus Vygon. <a href=\"https:\/\/campusvygon.com\/es\/protocolo-picc-neonatos\/\">https:\/\/campusvygon.com\/es\/<\/a><a href=\"https:\/\/campusvygon.com\/es\/protocolo-picc-neonatos\/\" target=\"_blank\" rel=\"noreferrer noopener\">protocolo-picc-neonatos\/<\/a><\/li><li>Chatt\u00e1s, G. (2018). Adhesivos. En <em>Gu\u00eda de pr\u00e1ctica cl\u00ednica para el cuidado de la piel del reci\u00e9n nacido<\/em> (pp. 57\u201368). <a href=\"https:\/\/centroperinatologicosantafe.com.ar\/Gu%C3%ADa%20de%20Pr%C3%A1ctica%20Cl%C3%ADnica%20para%20el%20cuidado%20de%20la%20piel%20del%20reci%C3%A9n%20nacido.pdf\" target=\"_blank\" rel=\"noreferrer noopener\">https:\/\/centroperinatologicosantafe.com.ar\/Gu%C3%ADa%20de%20Pr%C3%A1ctica%20Cl%C3%ADnica%20para%20el%20cuidado%20de%20la%20piel%20del%20reci%C3%A9n%20nacido.pdf<\/a><\/li><li>Chatt\u00e1s, G. (s. f.). <em>Cuidados de la piel del reci\u00e9n nacido pret\u00e9rino<\/em>. Fundasamin &#8211; Revista de enfermer\u00eda. <a href=\"https:\/\/www.fundasamin.org.ar\/archivos\/Cuidados%20de%20la%20piel%20del%20reci%C3%A9n%20nacido%20pret%C3%A9rmino.pdf.pdf\" target=\"_blank\" rel=\"noreferrer noopener\">https:\/\/www.fundasamin.org.ar\/archivos\/Cuidados%20de%20la%20piel%20del%20reci%C3%A9n%20nacido%20pret%C3%A9rmino.pdf.pdf<\/a><\/li><li>Navarro, P. (2021, 12 noviembre). <em>El cuidado de la piel del reci\u00e9n nacido: Lesiones y manejo<\/em>. Campus Vygon. <a href=\"https:\/\/campusvygon.com\/es\/piel-recien-nacido\" target=\"_blank\" rel=\"noreferrer noopener\">https:\/\/campusvygon.com\/es\/piel-recien-nacido<\/a><\/li><li>V. (2019). <em>Folleto Griplok: Fijaci\u00f3n de sondas y cat\u00e9teres neonatales<\/em>. Campus Vygon.<\/li><\/ol>\n","protected":false},"excerpt":{"rendered":"<p>La piel del neonato es fundamental en su adaptaci\u00f3n a la vida extrauterina. Es un \u00f3rgano complejo y din\u00e1mico que cumple una serie de funciones vitales que permiten el desarrollo correcto del reci\u00e9n nacido.<\/p>\n<p>La dermis de un neonato es delgada y la barrera protectora presenta un menor grado de desarrollo. La vulnerabilidad de este \u00f3rgano es todav\u00eda mayor en reci\u00e9n nacidos prematuros donde se incrementa el riesgo de sufrir lesiones.<\/p>\n","protected":false},"author":3,"featured_media":46478,"comment_status":"open","ping_status":"open","sticky":true,"template":"","format":"standard","meta":{"_acf_changed":false,"_et_pb_use_builder":"","_et_pb_old_content":"","_et_gb_content_width":"","footnotes":""},"categories":[286],"tags":[141,481,110],"class_list":["post-31440","post","type-post","status-publish","format-standard","has-post-thumbnail","hentry","category-neonatologia","tag-acceso-vascular","tag-fijacion-adhesiva","tag-picc-neonatal"],"acf":[],"yoast_head":"<!-- This site is optimized with the Yoast SEO plugin v27.4 - https:\/\/yoast.com\/product\/yoast-seo-wordpress\/ -->\n<title>Uso de adhesivos de fijaci\u00f3n de cat\u00e9teres en neonatos<\/title>\n<meta name=\"description\" content=\"Uno de los factores a tener en cuenta para mejorar la atenci\u00f3n de la piel del neonato es el adecuado uso adhesivo de fijaci\u00f3n de cat\u00e9teres \u27a1\ufe0f\" \/>\n<meta name=\"robots\" content=\"index, follow, max-snippet:-1, max-image-preview:large, max-video-preview:-1\" \/>\n<link rel=\"canonical\" href=\"https:\/\/campusvygon.com\/es\/adhesivos-cateteres-neonatos\/\" \/>\n<meta property=\"og:locale\" content=\"es_ES\" \/>\n<meta property=\"og:type\" content=\"article\" \/>\n<meta property=\"og:title\" content=\"Uso de adhesivos de fijaci\u00f3n de cat\u00e9teres en neonatos\" \/>\n<meta property=\"og:description\" content=\"Uno de los factores a tener en cuenta para mejorar la atenci\u00f3n de la piel del neonato es el adecuado uso adhesivo de fijaci\u00f3n de cat\u00e9teres \u27a1\ufe0f\" \/>\n<meta property=\"og:url\" content=\"https:\/\/campusvygon.com\/es\/adhesivos-cateteres-neonatos\/\" \/>\n<meta property=\"og:site_name\" content=\"Campus Vygon Espa\u00f1a\" \/>\n<meta property=\"article:published_time\" content=\"2022-02-24T07:27:35+00:00\" \/>\n<meta property=\"article:modified_time\" content=\"2025-07-21T07:18:33+00:00\" \/>\n<meta property=\"og:image\" content=\"https:\/\/campusvygon.com\/es\/wp-content\/uploads\/sites\/7\/2025\/07\/Portada-fijacion-cateter-scaled.jpeg\" \/>\n\t<meta property=\"og:image:width\" content=\"2560\" \/>\n\t<meta property=\"og:image:height\" content=\"1703\" \/>\n\t<meta property=\"og:image:type\" content=\"image\/jpeg\" \/>\n<meta name=\"author\" content=\"Paula Navarro\" \/>\n<meta name=\"twitter:card\" content=\"summary_large_image\" \/>\n<meta name=\"twitter:label1\" content=\"Escrito por\" \/>\n\t<meta name=\"twitter:data1\" content=\"Paula Navarro\" \/>\n\t<meta name=\"twitter:label2\" content=\"Tiempo de lectura\" \/>\n\t<meta name=\"twitter:data2\" content=\"7 minutos\" \/>\n<script type=\"application\/ld+json\" class=\"yoast-schema-graph\">{\"@context\":\"https:\\\/\\\/schema.org\",\"@graph\":[{\"@type\":\"Article\",\"@id\":\"https:\\\/\\\/campusvygon.com\\\/es\\\/adhesivos-cateteres-neonatos\\\/#article\",\"isPartOf\":{\"@id\":\"https:\\\/\\\/campusvygon.com\\\/es\\\/adhesivos-cateteres-neonatos\\\/\"},\"author\":{\"name\":\"Paula Navarro\",\"@id\":\"https:\\\/\\\/campusvygon.com\\\/es\\\/#\\\/schema\\\/person\\\/d2318c54d1af489bff83c9142f67bf82\"},\"headline\":\"Recomendaciones en el uso de adhesivos de fijaci\u00f3n de cat\u00e9teres en neonatos\",\"datePublished\":\"2022-02-24T07:27:35+00:00\",\"dateModified\":\"2025-07-21T07:18:33+00:00\",\"mainEntityOfPage\":{\"@id\":\"https:\\\/\\\/campusvygon.com\\\/es\\\/adhesivos-cateteres-neonatos\\\/\"},\"wordCount\":1236,\"commentCount\":3,\"image\":{\"@id\":\"https:\\\/\\\/campusvygon.com\\\/es\\\/adhesivos-cateteres-neonatos\\\/#primaryimage\"},\"thumbnailUrl\":\"https:\\\/\\\/campusvygon.com\\\/es\\\/wp-content\\\/uploads\\\/sites\\\/7\\\/2025\\\/07\\\/Portada-fijacion-cateter-scaled.jpeg\",\"keywords\":[\"acceso vascular\",\"fijaci\u00f3n adhesiva\",\"PICC neonatal\"],\"articleSection\":[\"Neonatolog\u00eda\"],\"inLanguage\":\"es\",\"potentialAction\":[{\"@type\":\"CommentAction\",\"name\":\"Comment\",\"target\":[\"https:\\\/\\\/campusvygon.com\\\/es\\\/adhesivos-cateteres-neonatos\\\/#respond\"]}]},{\"@type\":\"WebPage\",\"@id\":\"https:\\\/\\\/campusvygon.com\\\/es\\\/adhesivos-cateteres-neonatos\\\/\",\"url\":\"https:\\\/\\\/campusvygon.com\\\/es\\\/adhesivos-cateteres-neonatos\\\/\",\"name\":\"Uso de adhesivos de fijaci\u00f3n de cat\u00e9teres en neonatos\",\"isPartOf\":{\"@id\":\"https:\\\/\\\/campusvygon.com\\\/es\\\/#website\"},\"primaryImageOfPage\":{\"@id\":\"https:\\\/\\\/campusvygon.com\\\/es\\\/adhesivos-cateteres-neonatos\\\/#primaryimage\"},\"image\":{\"@id\":\"https:\\\/\\\/campusvygon.com\\\/es\\\/adhesivos-cateteres-neonatos\\\/#primaryimage\"},\"thumbnailUrl\":\"https:\\\/\\\/campusvygon.com\\\/es\\\/wp-content\\\/uploads\\\/sites\\\/7\\\/2025\\\/07\\\/Portada-fijacion-cateter-scaled.jpeg\",\"datePublished\":\"2022-02-24T07:27:35+00:00\",\"dateModified\":\"2025-07-21T07:18:33+00:00\",\"author\":{\"@id\":\"https:\\\/\\\/campusvygon.com\\\/es\\\/#\\\/schema\\\/person\\\/d2318c54d1af489bff83c9142f67bf82\"},\"description\":\"Uno de los factores a tener en cuenta para mejorar la atenci\u00f3n de la piel del neonato es el adecuado uso adhesivo de fijaci\u00f3n de cat\u00e9teres \u27a1\ufe0f\",\"breadcrumb\":{\"@id\":\"https:\\\/\\\/campusvygon.com\\\/es\\\/adhesivos-cateteres-neonatos\\\/#breadcrumb\"},\"inLanguage\":\"es\",\"potentialAction\":[{\"@type\":\"ReadAction\",\"target\":[\"https:\\\/\\\/campusvygon.com\\\/es\\\/adhesivos-cateteres-neonatos\\\/\"]}]},{\"@type\":\"ImageObject\",\"inLanguage\":\"es\",\"@id\":\"https:\\\/\\\/campusvygon.com\\\/es\\\/adhesivos-cateteres-neonatos\\\/#primaryimage\",\"url\":\"https:\\\/\\\/campusvygon.com\\\/es\\\/wp-content\\\/uploads\\\/sites\\\/7\\\/2025\\\/07\\\/Portada-fijacion-cateter-scaled.jpeg\",\"contentUrl\":\"https:\\\/\\\/campusvygon.com\\\/es\\\/wp-content\\\/uploads\\\/sites\\\/7\\\/2025\\\/07\\\/Portada-fijacion-cateter-scaled.jpeg\",\"width\":2560,\"height\":1703},{\"@type\":\"BreadcrumbList\",\"@id\":\"https:\\\/\\\/campusvygon.com\\\/es\\\/adhesivos-cateteres-neonatos\\\/#breadcrumb\",\"itemListElement\":[{\"@type\":\"ListItem\",\"position\":1,\"name\":\"Portada\",\"item\":\"https:\\\/\\\/campusvygon.com\\\/es\\\/\"},{\"@type\":\"ListItem\",\"position\":2,\"name\":\"Recomendaciones en el uso de adhesivos de fijaci\u00f3n de cat\u00e9teres en neonatos\"}]},{\"@type\":\"WebSite\",\"@id\":\"https:\\\/\\\/campusvygon.com\\\/es\\\/#website\",\"url\":\"https:\\\/\\\/campusvygon.com\\\/es\\\/\",\"name\":\"Campus Vygon Espa\u00f1a\",\"description\":\"Un espacio para aprender sobre procedimientos y t\u00e9cnicas sanitarias de la mano de profesionales de referencia.\",\"potentialAction\":[{\"@type\":\"SearchAction\",\"target\":{\"@type\":\"EntryPoint\",\"urlTemplate\":\"https:\\\/\\\/campusvygon.com\\\/es\\\/?s={search_term_string}\"},\"query-input\":{\"@type\":\"PropertyValueSpecification\",\"valueRequired\":true,\"valueName\":\"search_term_string\"}}],\"inLanguage\":\"es\"},{\"@type\":\"Person\",\"@id\":\"https:\\\/\\\/campusvygon.com\\\/es\\\/#\\\/schema\\\/person\\\/d2318c54d1af489bff83c9142f67bf82\",\"name\":\"Paula Navarro\",\"image\":{\"@type\":\"ImageObject\",\"inLanguage\":\"es\",\"@id\":\"https:\\\/\\\/campusvygon.com\\\/es\\\/wp-content\\\/plugins\\\/wp-user-avatar\\\/deprecated\\\/wp-user-avatar\\\/images\\\/wpua-96x96.png\",\"url\":\"https:\\\/\\\/campusvygon.com\\\/es\\\/wp-content\\\/plugins\\\/wp-user-avatar\\\/deprecated\\\/wp-user-avatar\\\/images\\\/wpua-96x96.png\",\"contentUrl\":\"https:\\\/\\\/campusvygon.com\\\/es\\\/wp-content\\\/plugins\\\/wp-user-avatar\\\/deprecated\\\/wp-user-avatar\\\/images\\\/wpua-96x96.png\",\"caption\":\"Paula Navarro\"},\"description\":\"Responsable de contenidos de las unidades de negocio Obstetricia, Neonatolog\u00eda y Nutrici\u00f3n enteral y Terapias Intravasculares en Vygon Espa\u00f1a. \u2022 EXPERIENCIA Soy una joven periodista a la que le apasiona todas las posibilidades que le ofrece su oficio. Disfruto de la comunicaci\u00f3n corporativa, ya que me permite crecer profesional y personalmente, adquiriendo conocimientos y t\u00e9cnicas en el mundo de sanitario en el \u00e1mbito de la comunicaci\u00f3n y el marketing. Adem\u00e1s, combino esta parte m\u00e1s t\u00e9cnica con mi desempe\u00f1o en los medios de comunicaci\u00f3n en un programa de la radio local valenciana. \u2022 PUEDO AYUDARTE EN\u2026 Mi trabajo se basa en una apuesta clara de Vygon por la formaci\u00f3n digital y el aprendizaje continuo. Puedes contactarme si buscas material digital sobre alg\u00fan procedimiento o t\u00e9cnica habitual en los servicios de Neonatolog\u00eda, Obstetricia, Nutrici\u00f3n Enteral y Terapias Intravasculares.\",\"sameAs\":[\"https:\\\/\\\/www.vygon.es\\\/\",\"https:\\\/\\\/www.linkedin.com\\\/in\\\/paula-navarro-faus-708a7b13b\\\/\"],\"url\":\"https:\\\/\\\/campusvygon.com\\\/es\\\/author\\\/pnavarro\\\/\"}]}<\/script>\n<!-- \/ Yoast SEO plugin. -->","yoast_head_json":{"title":"Uso de adhesivos de fijaci\u00f3n de cat\u00e9teres en neonatos","description":"Uno de los factores a tener en cuenta para mejorar la atenci\u00f3n de la piel del neonato es el adecuado uso adhesivo de fijaci\u00f3n de cat\u00e9teres \u27a1\ufe0f","robots":{"index":"index","follow":"follow","max-snippet":"max-snippet:-1","max-image-preview":"max-image-preview:large","max-video-preview":"max-video-preview:-1"},"canonical":"https:\/\/campusvygon.com\/es\/adhesivos-cateteres-neonatos\/","og_locale":"es_ES","og_type":"article","og_title":"Uso de adhesivos de fijaci\u00f3n de cat\u00e9teres en neonatos","og_description":"Uno de los factores a tener en cuenta para mejorar la atenci\u00f3n de la piel del neonato es el adecuado uso adhesivo de fijaci\u00f3n de cat\u00e9teres \u27a1\ufe0f","og_url":"https:\/\/campusvygon.com\/es\/adhesivos-cateteres-neonatos\/","og_site_name":"Campus Vygon Espa\u00f1a","article_published_time":"2022-02-24T07:27:35+00:00","article_modified_time":"2025-07-21T07:18:33+00:00","og_image":[{"width":2560,"height":1703,"url":"https:\/\/campusvygon.com\/es\/wp-content\/uploads\/sites\/7\/2025\/07\/Portada-fijacion-cateter-scaled.jpeg","type":"image\/jpeg"}],"author":"Paula Navarro","twitter_card":"summary_large_image","twitter_misc":{"Escrito por":"Paula Navarro","Tiempo de lectura":"7 minutos"},"schema":{"@context":"https:\/\/schema.org","@graph":[{"@type":"Article","@id":"https:\/\/campusvygon.com\/es\/adhesivos-cateteres-neonatos\/#article","isPartOf":{"@id":"https:\/\/campusvygon.com\/es\/adhesivos-cateteres-neonatos\/"},"author":{"name":"Paula Navarro","@id":"https:\/\/campusvygon.com\/es\/#\/schema\/person\/d2318c54d1af489bff83c9142f67bf82"},"headline":"Recomendaciones en el uso de adhesivos de fijaci\u00f3n de cat\u00e9teres en neonatos","datePublished":"2022-02-24T07:27:35+00:00","dateModified":"2025-07-21T07:18:33+00:00","mainEntityOfPage":{"@id":"https:\/\/campusvygon.com\/es\/adhesivos-cateteres-neonatos\/"},"wordCount":1236,"commentCount":3,"image":{"@id":"https:\/\/campusvygon.com\/es\/adhesivos-cateteres-neonatos\/#primaryimage"},"thumbnailUrl":"https:\/\/campusvygon.com\/es\/wp-content\/uploads\/sites\/7\/2025\/07\/Portada-fijacion-cateter-scaled.jpeg","keywords":["acceso vascular","fijaci\u00f3n adhesiva","PICC neonatal"],"articleSection":["Neonatolog\u00eda"],"inLanguage":"es","potentialAction":[{"@type":"CommentAction","name":"Comment","target":["https:\/\/campusvygon.com\/es\/adhesivos-cateteres-neonatos\/#respond"]}]},{"@type":"WebPage","@id":"https:\/\/campusvygon.com\/es\/adhesivos-cateteres-neonatos\/","url":"https:\/\/campusvygon.com\/es\/adhesivos-cateteres-neonatos\/","name":"Uso de adhesivos de fijaci\u00f3n de cat\u00e9teres en neonatos","isPartOf":{"@id":"https:\/\/campusvygon.com\/es\/#website"},"primaryImageOfPage":{"@id":"https:\/\/campusvygon.com\/es\/adhesivos-cateteres-neonatos\/#primaryimage"},"image":{"@id":"https:\/\/campusvygon.com\/es\/adhesivos-cateteres-neonatos\/#primaryimage"},"thumbnailUrl":"https:\/\/campusvygon.com\/es\/wp-content\/uploads\/sites\/7\/2025\/07\/Portada-fijacion-cateter-scaled.jpeg","datePublished":"2022-02-24T07:27:35+00:00","dateModified":"2025-07-21T07:18:33+00:00","author":{"@id":"https:\/\/campusvygon.com\/es\/#\/schema\/person\/d2318c54d1af489bff83c9142f67bf82"},"description":"Uno de los factores a tener en cuenta para mejorar la atenci\u00f3n de la piel del neonato es el adecuado uso adhesivo de fijaci\u00f3n de cat\u00e9teres \u27a1\ufe0f","breadcrumb":{"@id":"https:\/\/campusvygon.com\/es\/adhesivos-cateteres-neonatos\/#breadcrumb"},"inLanguage":"es","potentialAction":[{"@type":"ReadAction","target":["https:\/\/campusvygon.com\/es\/adhesivos-cateteres-neonatos\/"]}]},{"@type":"ImageObject","inLanguage":"es","@id":"https:\/\/campusvygon.com\/es\/adhesivos-cateteres-neonatos\/#primaryimage","url":"https:\/\/campusvygon.com\/es\/wp-content\/uploads\/sites\/7\/2025\/07\/Portada-fijacion-cateter-scaled.jpeg","contentUrl":"https:\/\/campusvygon.com\/es\/wp-content\/uploads\/sites\/7\/2025\/07\/Portada-fijacion-cateter-scaled.jpeg","width":2560,"height":1703},{"@type":"BreadcrumbList","@id":"https:\/\/campusvygon.com\/es\/adhesivos-cateteres-neonatos\/#breadcrumb","itemListElement":[{"@type":"ListItem","position":1,"name":"Portada","item":"https:\/\/campusvygon.com\/es\/"},{"@type":"ListItem","position":2,"name":"Recomendaciones en el uso de adhesivos de fijaci\u00f3n de cat\u00e9teres en neonatos"}]},{"@type":"WebSite","@id":"https:\/\/campusvygon.com\/es\/#website","url":"https:\/\/campusvygon.com\/es\/","name":"Campus Vygon Espa\u00f1a","description":"Un espacio para aprender sobre procedimientos y t\u00e9cnicas sanitarias de la mano de profesionales de referencia.","potentialAction":[{"@type":"SearchAction","target":{"@type":"EntryPoint","urlTemplate":"https:\/\/campusvygon.com\/es\/?s={search_term_string}"},"query-input":{"@type":"PropertyValueSpecification","valueRequired":true,"valueName":"search_term_string"}}],"inLanguage":"es"},{"@type":"Person","@id":"https:\/\/campusvygon.com\/es\/#\/schema\/person\/d2318c54d1af489bff83c9142f67bf82","name":"Paula Navarro","image":{"@type":"ImageObject","inLanguage":"es","@id":"https:\/\/campusvygon.com\/es\/wp-content\/plugins\/wp-user-avatar\/deprecated\/wp-user-avatar\/images\/wpua-96x96.png","url":"https:\/\/campusvygon.com\/es\/wp-content\/plugins\/wp-user-avatar\/deprecated\/wp-user-avatar\/images\/wpua-96x96.png","contentUrl":"https:\/\/campusvygon.com\/es\/wp-content\/plugins\/wp-user-avatar\/deprecated\/wp-user-avatar\/images\/wpua-96x96.png","caption":"Paula Navarro"},"description":"Responsable de contenidos de las unidades de negocio Obstetricia, Neonatolog\u00eda y Nutrici\u00f3n enteral y Terapias Intravasculares en Vygon Espa\u00f1a. \u2022 EXPERIENCIA Soy una joven periodista a la que le apasiona todas las posibilidades que le ofrece su oficio. Disfruto de la comunicaci\u00f3n corporativa, ya que me permite crecer profesional y personalmente, adquiriendo conocimientos y t\u00e9cnicas en el mundo de sanitario en el \u00e1mbito de la comunicaci\u00f3n y el marketing. Adem\u00e1s, combino esta parte m\u00e1s t\u00e9cnica con mi desempe\u00f1o en los medios de comunicaci\u00f3n en un programa de la radio local valenciana. \u2022 PUEDO AYUDARTE EN\u2026 Mi trabajo se basa en una apuesta clara de Vygon por la formaci\u00f3n digital y el aprendizaje continuo. Puedes contactarme si buscas material digital sobre alg\u00fan procedimiento o t\u00e9cnica habitual en los servicios de Neonatolog\u00eda, Obstetricia, Nutrici\u00f3n Enteral y Terapias Intravasculares.","sameAs":["https:\/\/www.vygon.es\/","https:\/\/www.linkedin.com\/in\/paula-navarro-faus-708a7b13b\/"],"url":"https:\/\/campusvygon.com\/es\/author\/pnavarro\/"}]}},"_links":{"self":[{"href":"https:\/\/campusvygon.com\/es\/wp-json\/wp\/v2\/posts\/31440","targetHints":{"allow":["GET"]}}],"collection":[{"href":"https:\/\/campusvygon.com\/es\/wp-json\/wp\/v2\/posts"}],"about":[{"href":"https:\/\/campusvygon.com\/es\/wp-json\/wp\/v2\/types\/post"}],"author":[{"embeddable":true,"href":"https:\/\/campusvygon.com\/es\/wp-json\/wp\/v2\/users\/3"}],"replies":[{"embeddable":true,"href":"https:\/\/campusvygon.com\/es\/wp-json\/wp\/v2\/comments?post=31440"}],"version-history":[{"count":4,"href":"https:\/\/campusvygon.com\/es\/wp-json\/wp\/v2\/posts\/31440\/revisions"}],"predecessor-version":[{"id":46480,"href":"https:\/\/campusvygon.com\/es\/wp-json\/wp\/v2\/posts\/31440\/revisions\/46480"}],"wp:featuredmedia":[{"embeddable":true,"href":"https:\/\/campusvygon.com\/es\/wp-json\/wp\/v2\/media\/46478"}],"wp:attachment":[{"href":"https:\/\/campusvygon.com\/es\/wp-json\/wp\/v2\/media?parent=31440"}],"wp:term":[{"taxonomy":"category","embeddable":true,"href":"https:\/\/campusvygon.com\/es\/wp-json\/wp\/v2\/categories?post=31440"},{"taxonomy":"post_tag","embeddable":true,"href":"https:\/\/campusvygon.com\/es\/wp-json\/wp\/v2\/tags?post=31440"}],"curies":[{"name":"wp","href":"https:\/\/api.w.org\/{rel}","templated":true}]}}