{"id":34075,"date":"2022-06-16T12:30:00","date_gmt":"2022-06-16T10:30:00","guid":{"rendered":"https:\/\/campusvygon.com\/es\/?p=34075"},"modified":"2025-09-04T10:14:32","modified_gmt":"2025-09-04T08:14:32","slug":"complicaciones-de-la-canalizacion-de-lineas-medias-en-neonatos","status":"publish","type":"post","link":"https:\/\/campusvygon.com\/es\/complicaciones-de-la-canalizacion-de-lineas-medias-en-neonatos\/","title":{"rendered":"Complicaciones de la canalizaci\u00f3n de l\u00edneas medias en neonatos"},"content":{"rendered":"\n<p>La canalizaci\u00f3n de las l\u00edneas medias en neonatos es una t\u00e9cnica com\u00fan en las Unidades de Cuidados Cr\u00edticos Neonatales (UCIN). Con el paso de las d\u00e9cadas, las <strong>innovaciones tecnol\u00f3gicas de los materiales y los tama\u00f1os de los cat\u00e9teres han permitido el acceso vascular en lactantes m\u00e1s peque\u00f1os y enfermos<\/strong> con el fin de monitorizar la presi\u00f3n arterial, tomar muestras de sangre e infundir l\u00edquidos y medicamentos intravenosos. (1)<\/p>\n\n\n\n<figure class=\"wp-block-image size-full\"><img loading=\"lazy\" decoding=\"async\" width=\"1024\" height=\"512\" src=\"https:\/\/campusvygon.com\/es\/wp-content\/uploads\/sites\/7\/2022\/05\/twitter-facebook.jpg\" alt=\"\" class=\"wp-image-34076\" srcset=\"https:\/\/campusvygon.com\/es\/wp-content\/uploads\/sites\/7\/2022\/05\/twitter-facebook.jpg 1024w, https:\/\/campusvygon.com\/es\/wp-content\/uploads\/sites\/7\/2022\/05\/twitter-facebook-980x490.jpg 980w, https:\/\/campusvygon.com\/es\/wp-content\/uploads\/sites\/7\/2022\/05\/twitter-facebook-480x240.jpg 480w\" sizes=\"(min-width: 0px) and (max-width: 480px) 480px, (min-width: 481px) and (max-width: 980px) 980px, (min-width: 981px) 1024px, 100vw\" \/><figcaption>Tienes hasta el 30 de junio a las 23:59h para inscribirte en nuestro nuevo curso.<\/figcaption><\/figure>\n\n\n\n<div class=\"wp-block-divi-layout\">[et_pb_section fb_built=\u00bb1&#8243; admin_label=\u00bbsection\u00bb _builder_version=\u00bb4.17.4&#8243; hover_enabled=\u00bb0&#8243; global_colors_info=\u00bb{}\u00bb sticky_enabled=\u00bb0&#8243; link_option_url=\u00bbhttps:\/\/campusvygon.com\/es\/wp-content\/uploads\/sites\/7\/2021\/03\/Protocolo-lineas-medias-neoantos-z.pdf\u00bb][et_pb_row admin_label=\u00bbrow\u00bb _builder_version=\u00bb4.17.4&#8243; background_color=\u00bbgcid-2d45c7f1-05fc-4f3c-8b35-fe69709a6a62&#8243; background_size=\u00bbinitial\u00bb background_position=\u00bbtop_left\u00bb background_repeat=\u00bbrepeat\u00bb custom_padding=\u00bb55px||55px||true|\u00bb link_option_url=\u00bbhttps:\/\/campusvygon.com\/es\/cateter-midline-protocolo-colocacion-mantenimiento\/\u00bb link_option_url_new_window=\u00bbon\u00bb hover_enabled=\u00bb0&#8243; box_shadow_style=\u00bbpreset1&#8243; box_shadow_blur=\u00bb79px\u00bb box_shadow_spread=\u00bb-28px\u00bb global_colors_info=\u00bb{%22gcid-2d45c7f1-05fc-4f3c-8b35-fe69709a6a62%22:%91%22background_color%22%93}\u00bb sticky_enabled=\u00bb0&#8243;][et_pb_column type=\u00bb4_4&#8243; _builder_version=\u00bb4.16&#8243; _module_preset=\u00bbdefault\u00bb global_colors_info=\u00bb{}\u00bb][et_pb_blurb title=\u00bbPROTOCOLO: INSERCI\u00d3N DE L\u00cdNEAS MEDIAS EN PACIENTES NEONATALES. DEFINICI\u00d3N, INSERCI\u00d3N, CUIDADOS Y MANTENIMIENTO\u00bb use_icon=\u00bbon\u00bb font_icon=\u00bb\uf56d||fa||900&#8243; image_icon_width=\u00bb55px\u00bb _builder_version=\u00bb4.16&#8243; _module_preset=\u00bbdefault\u00bb text_orientation=\u00bbcenter\u00bb global_colors_info=\u00bb{}\u00bb custom_padding=\u00bb||43px|||\u00bb]<p>\u00a1Y accede al protocolo descargable!<\/p>[\/et_pb_blurb][\/et_pb_column][\/et_pb_row][\/et_pb_section]<\/div>\n\n\n\n<div class=\"wp-block-divi-layout\">[et_pb_section fb_built=\u00bb1&#8243; admin_label=\u00bbsection\u00bb _builder_version=\u00bb4.17.4&#8243; link_option_url=\u00bbhttps:\/\/campusvygon.com\/es\/cateter-corto-periferico-o-lineas-medias-neonatologia\/\u00bb hover_enabled=\u00bb0&#8243; global_colors_info=\u00bb{}\u00bb sticky_enabled=\u00bb0&#8243;][et_pb_row admin_label=\u00bbrow\u00bb _builder_version=\u00bb4.17.4&#8243; background_color=\u00bbgcid-2d45c7f1-05fc-4f3c-8b35-fe69709a6a62&#8243; background_size=\u00bbinitial\u00bb background_position=\u00bbtop_left\u00bb background_repeat=\u00bbrepeat\u00bb custom_padding=\u00bb55px||55px||true|\u00bb link_option_url=\u00bbhttps:\/\/campusvygon.com\/es\/cateter-midline-protocolo-colocacion-mantenimiento\/\u00bb link_option_url_new_window=\u00bbon\u00bb box_shadow_style=\u00bbpreset1&#8243; box_shadow_blur=\u00bb79px\u00bb box_shadow_spread=\u00bb-28px\u00bb global_colors_info=\u00bb{%22gcid-2d45c7f1-05fc-4f3c-8b35-fe69709a6a62%22:%91%22background_color%22%93}\u00bb][et_pb_column type=\u00bb4_4&#8243; _builder_version=\u00bb4.16&#8243; _module_preset=\u00bbdefault\u00bb global_colors_info=\u00bb{}\u00bb][et_pb_blurb title=\u00bbCAT\u00c9TER CORTO PERIF\u00c9RICO O L\u00cdNEAS MEDIAS EN NEONATOLOG\u00cdA \u00bfQU\u00c9 ELEGIR?\u00bb use_icon=\u00bbon\u00bb font_icon=\u00bb\uf56d||fa||900&#8243; image_icon_width=\u00bb55px\u00bb _builder_version=\u00bb4.16&#8243; _module_preset=\u00bbdefault\u00bb text_orientation=\u00bbcenter\u00bb custom_padding=\u00bb||43px|||\u00bb global_colors_info=\u00bb{}\u00bb][\/et_pb_blurb][\/et_pb_column][\/et_pb_row][\/et_pb_section]<\/div>\n\n\n\n<p>Sin embargo, existen <strong>diferentes complicaciones<\/strong> de l\u00edneas medias en neonatos que pueden ocurrir, y por ello, vamos a analizarlas y profundizar en que planteamientos son m\u00e1s adecuados para solventar la  dificultad.<\/p>\n\n\n\n<h3 class=\"wp-block-heading\">ATENCIONES AL RECI\u00c9N NACIDO AL INGRESO<\/h3>\n\n\n\n<p>Antes de ahondar en las complicaciones es imprescindible recordar que <em>cuando el paciente llega a la unidad <\/em>se debe<em> registrar toda la informaci\u00f3n relativa al caso m\u00e9dico del paciente<\/em>. Estos datos incluyen:<\/p>\n\n\n\n<ul class=\"wp-block-list\"><li>Fecha y hora de inserci\u00f3n.<\/li><li>Tipo de cat\u00e9ter: es necesario dejar constancia <strong>con datos del c\u00f3digo del producto<\/strong>. (2)<\/li><li>Lugar de inserci\u00f3n, cantidad de cat\u00e9ter introducida y localizaci\u00f3n de la punta. (2)<\/li><li>Longitud del cat\u00e9ter.<\/li><\/ul>\n\n\n\n<p>Ser\u00e1 tambi\u00e9n, en este registro, d\u00f3nde se anotar\u00e1 la existentica de <strong>cualquier tipo de complicaci\u00f3n<\/strong>. Pero \u00bfc\u00f3mo saber a qu\u00e9 tipo de complicaci\u00f3n me estoy enfrentando? o, m\u00e1s importante: \u00bfc\u00f3mo solucionarlo?<\/p>\n\n\n\n<h3 class=\"wp-block-heading\">COMPLICACIONES HABITUALES EN NEONATOS<\/h3>\n\n\n\n<p>Por \u00faltimo, en este registro tambi\u00e9n habr\u00eda que apuntar si ha habido&nbsp;<strong>alg\u00fan tipo de complicaci\u00f3n<\/strong>. Pero \u00bfc\u00f3mo saber a qu\u00e9 tipo de complicaci\u00f3n me estoy enfrentando? o, m\u00e1s importante: \u00bfc\u00f3mo solucionarlo?<\/p>\n\n\n\n<p>Antes que nada, cabe dividir el tipo de complicaciones en dos grupos:<\/p>\n\n\n\n<ul class=\"wp-block-list\"><li><strong>Las ocasionadas antes o durante la inserci\u00f3n.<\/strong><\/li><li><strong>Las que aparecen con posterioridad.<\/strong><\/li><\/ul>\n\n\n\n<h4 class=\"wp-block-heading\">antes o durante la inserci\u00f3n<\/h4>\n\n\n\n<h5 class=\"wp-block-heading\">El dolor<\/h5>\n\n\n\n<p>El problema m\u00e1s habitual durante la inserci\u00f3n es el&nbsp;<strong>dolor<\/strong>,&nbsp;<strong>cuyas consecuencias a largo y medio plazo en el desarrollo normal de estos pacientes son desalentadoras.<\/strong> El control del dolor del neonato forma parte de su integraci\u00f3n neuronal, por ello, durante la realizaci\u00f3n de la t\u00e9cnica aplicaremos procedimientos basadas en los cuidados centrados en el neurodesarrollo, contenci\u00f3n y medidas farmacol\u00f3gicas si fuese necesario.<\/p>\n\n\n\n<p>El&nbsp;reconocimiento de la existencia del dolor en el RN y su tratamiento se ha convertido en uno de los principales puntos de buena pr\u00e1ctica cl\u00ednica en los servicios de neonatolog\u00eda&nbsp;(3).<\/p>\n\n\n\n<div class=\"wp-block-divi-layout\">[et_pb_section fb_built=\u00bb1&#8243; admin_label=\u00bbsection\u00bb _builder_version=\u00bb4.17.4&#8243; width=\u00bb100%\u00bb link_option_url=\u00bbhttps:\/\/campusvygon.com\/es\/escalas-dolor-rn\/\u00bb hover_enabled=\u00bb0&#8243; global_colors_info=\u00bb{}\u00bb sticky_enabled=\u00bb0&#8243;][et_pb_row admin_label=\u00bbrow\u00bb _builder_version=\u00bb4.17.4&#8243; background_color=\u00bbgcid-2d45c7f1-05fc-4f3c-8b35-fe69709a6a62&#8243; background_size=\u00bbinitial\u00bb background_position=\u00bbtop_left\u00bb background_repeat=\u00bbrepeat\u00bb custom_padding=\u00bb55px||55px||true|\u00bb link_option_url=\u00bbhttps:\/\/formacion.campusvygon.com\/es\/cursos\/florida-universitaria-mi-primer-dia-neonatologia-82?edicion=96&amp;tab=info\u00bb link_option_url_new_window=\u00bbon\u00bb box_shadow_style=\u00bbpreset1&#8243; box_shadow_blur=\u00bb79px\u00bb box_shadow_spread=\u00bb-28px\u00bb global_colors_info=\u00bb{%22gcid-2d45c7f1-05fc-4f3c-8b35-fe69709a6a62%22:%91%22background_color%22%93}\u00bb][et_pb_column type=\u00bb4_4&#8243; _builder_version=\u00bb4.16&#8243; _module_preset=\u00bbdefault\u00bb global_colors_info=\u00bb{}\u00bb][et_pb_blurb title=\u00bbEVALUACI\u00d3N DEL DOLOR EN EL RN: ESCALAS DE VALORACI\u00d3NEL CUIDADO DE LA PIEL DEL RECI\u00c9N NACIDO: LESIONES Y MANEJO\u00bb use_icon=\u00bbon\u00bb font_icon=\u00bb\uf77c||fa||900&#8243; image_icon_width=\u00bb55px\u00bb _builder_version=\u00bb4.17.4&#8243; _module_preset=\u00bbdefault\u00bb text_orientation=\u00bbcenter\u00bb custom_padding=\u00bb||0px|||\u00bb global_colors_info=\u00bb{}\u00bb]<p>Para completar informaci\u00f3n<\/p>[\/et_pb_blurb][\/et_pb_column][\/et_pb_row][\/et_pb_section]<\/div>\n\n\n\n<h5 class=\"wp-block-heading\">Da\u00f1o nervioso<\/h5>\n\n\n\n<p>Otra de las complicaciones m\u00e1s habituales durante la inserci\u00f3n es el&nbsp;<strong>da\u00f1o nervioso<\/strong>, para evitarlo es imprescindible que el profesional que lleva a cabo el procedimiento tenga conocimientos suficientes de la anatom\u00eda neonatal, sobre todo, de la <strong>zona indicada para la ubicaci\u00f3n del cat\u00e9ter.<\/strong><\/p>\n\n\n\n<div class=\"wp-block-divi-layout\">[et_pb_section fb_built=\u00bb1&#8243; admin_label=\u00bbsection\u00bb _builder_version=\u00bb4.16&#8243; global_colors_info=\u00bb{}\u00bb][et_pb_row admin_label=\u00bbrow\u00bb _builder_version=\u00bb4.17.4&#8243; background_color=\u00bbgcid-2d45c7f1-05fc-4f3c-8b35-fe69709a6a62&#8243; background_size=\u00bbinitial\u00bb background_position=\u00bbtop_left\u00bb background_repeat=\u00bbrepeat\u00bb custom_padding=\u00bb55px||55px||true|\u00bb link_option_url=\u00bbhttps:\/\/formacion.campusvygon.com\/es\/cursos\/florida-universitaria-mi-primer-dia-neonatologia-82?edicion=96&amp;tab=info\u00bb link_option_url_new_window=\u00bbon\u00bb hover_enabled=\u00bb0&#8243; box_shadow_style=\u00bbpreset1&#8243; box_shadow_blur=\u00bb79px\u00bb box_shadow_spread=\u00bb-28px\u00bb global_colors_info=\u00bb{%22gcid-2d45c7f1-05fc-4f3c-8b35-fe69709a6a62%22:%91%22background_color%22%93}\u00bb sticky_enabled=\u00bb0&#8243;][et_pb_column type=\u00bb4_4&#8243; _builder_version=\u00bb4.16&#8243; _module_preset=\u00bbdefault\u00bb global_colors_info=\u00bb{}\u00bb][et_pb_blurb title=\u00bbCUIDADOS CENTRADOS AL NEURODESARROLLO\u00bb use_icon=\u00bbon\u00bb font_icon=\u00bb\uf77c||fa||900&#8243; image_icon_width=\u00bb55px\u00bb _builder_version=\u00bb4.17.4&#8243; _module_preset=\u00bbdefault\u00bb text_orientation=\u00bbcenter\u00bb hover_enabled=\u00bb0&#8243; global_colors_info=\u00bb{}\u00bb sticky_enabled=\u00bb0&#8243; custom_padding=\u00bb||0px|||\u00bb]<p>Es el primer cap\u00edtulo del curso<\/p>[\/et_pb_blurb][\/et_pb_column][\/et_pb_row][\/et_pb_section]<\/div>\n\n\n\n<h5 class=\"wp-block-heading\">Progresi\u00f3n del cat\u00e9ter<\/h5>\n\n\n\n<p>Otras de las dificultades, se relacionan con<strong> la progresi\u00f3n del cat\u00e9ter<\/strong>. <s>S<\/s>i observamos que el cat\u00e9ter no progresa correctamente podemos encontrar dos estrategias para solventarlo seg\u00fan el origen de la dificultad.&nbsp;<\/p>\n\n\n\n<ol class=\"wp-block-list\" type=\"1\"><li>Masajear la zona, reposicionar la extremidad e infundir suero para facilitar la introducci\u00f3n.<\/li><li>Si se produce por vasoconstricci\u00f3n como consecuencia de dolor e hipotermia: hay que revertir estas situaciones para facilitar la canalizaci\u00f3n.<\/li><\/ol>\n\n\n\n<figure class=\"wp-block-image aligncenter size-full\"><img loading=\"lazy\" decoding=\"async\" width=\"1191\" height=\"485\" src=\"https:\/\/campusvygon.com\/es\/wp-content\/uploads\/sites\/7\/2022\/05\/INFO_ANTES_INSERCION_CATETER-3.png\" alt=\"\" class=\"wp-image-34084\" srcset=\"https:\/\/campusvygon.com\/es\/wp-content\/uploads\/sites\/7\/2022\/05\/INFO_ANTES_INSERCION_CATETER-3.png 1191w, https:\/\/campusvygon.com\/es\/wp-content\/uploads\/sites\/7\/2022\/05\/INFO_ANTES_INSERCION_CATETER-3-980x399.png 980w, https:\/\/campusvygon.com\/es\/wp-content\/uploads\/sites\/7\/2022\/05\/INFO_ANTES_INSERCION_CATETER-3-480x195.png 480w\" sizes=\"(min-width: 0px) and (max-width: 480px) 480px, (min-width: 481px) and (max-width: 980px) 980px, (min-width: 981px) 1191px, 100vw\" \/><figcaption>Complicaciones antes o durante a canalizaci\u00f3n l\u00edneas medias en neonatos<\/figcaption><\/figure>\n\n\n\n<h4 class=\"wp-block-heading\">tras la inserci\u00f3n<\/h4>\n\n\n\n<p>Si las complicaciones aparecen&nbsp;<strong>tras la inserci\u00f3n<\/strong>&nbsp;los problemas m\u00e1s habituales que suelen darse, son:<\/p>\n\n\n\n<h5 class=\"wp-block-heading\">Obstrucci\u00f3n del cat\u00e9ter<\/h5>\n\n\n\n<p><a id=\"_msocom_1\"><\/a>Para<strong>&nbsp;evitar<\/strong>&nbsp;la obstrucci\u00f3n del cat\u00e9ter debe comprobarse su correcto funcionamiento tras la inserci\u00f3n y realizar correctamente el lavado y sellado. En el caso de que la obstrucci\u00f3n aparezca se seguir\u00e1 la valoraci\u00f3n m\u00e9dica considerando el uso de uroquinasa.<\/p>\n\n\n\n<h5 class=\"wp-block-heading\">Sepsis<\/h5>\n\n\n\n<p>La sepsis \u00adpuede aparecer si no se han seguido, pertinentemente, las medidas de barrera y asepsia indicadas tanto en la canalizaci\u00f3n como en el manejo del cat\u00e9ter. Ante la sepsis se seguir\u00e1 la indicaci\u00f3n m\u00e9dica valorando el comienzo de antibioterapia.<\/p>\n\n\n\n<h5 class=\"wp-block-heading\">Migraci\u00f3n o malposici\u00f3n del cat\u00e9ter<\/h5>\n\n\n\n<p>Para evitar este problema hay que evitar <strong>las migraciones\/malposiciones<\/strong> con una buena fijaci\u00f3n. Para saber si se ha producido tal malposici\u00f3n es necesario registrar la longitud del cat\u00e9ter que se ha introducido y valorarla peri\u00f3dicamente.. Tener cuidado con la salida accidental del cat\u00e9ter (4)<\/p>\n\n\n\n<p>Para la fijaci\u00f3n del cat\u00e9ter se tendr\u00e1n en cuenta las siguientes recomendaciones:<\/p>\n\n\n\n<ul class=\"wp-block-list\"><li>Colocar ap\u00f3sito protector debajo de la mariposa de fijaci\u00f3n del cat\u00e9ter para evitar la aparici\u00f3n de lesiones por presi\u00f3n<\/li><li>Asegurar el cat\u00e9ter con cinta adhesiva est\u00e9ril (steri-strip) a pocos mil\u00edmetros del punto de inserci\u00f3n<\/li><li>Cubrir con ap\u00f3sito transparente semipermeable. El tama\u00f1o del ap\u00f3sito estar\u00e1 proporcionado con el peso del neonato y el lugar de inserci\u00f3n del acceso venoso<\/li><li>Vigilar que las cintas adhesivas y el ap\u00f3sito transparente que rodea la extremidad no provoquen presi\u00f3n en forma de torniquete que congestione el miembro.<\/li><li>Sellar y colocar tap\u00f3n desinfectante o conectar l\u00ednea de infusi\u00f3n seg\u00fan cada caso.<\/li><\/ul>\n\n\n\n<h5 class=\"wp-block-heading\">Flebitis<\/h5>\n\n\n\n<p>Para prevenir la <strong>flebitis<\/strong> debe revisarse la zona de punci\u00f3n y recorrido del cat\u00e9ter de manera peri\u00f3dica. Si los signos de flebitis no disminuyen se valorar\u00e1 la retirada del cat\u00e9ter. Ya que la flebitis puede ser la precursora de una infecci\u00f3n.<\/p>\n\n\n\n<h5 class=\"wp-block-heading\">Trombosis<\/h5>\n\n\n\n<p>La<strong> trombosis<\/strong> es una de las complicaciones menos frecuentes. Es imprescindible lavar el cat\u00e9ter de uso intermitente entre medicaciones con el objetivo de evitarla.<\/p>\n\n\n\n<h5 class=\"wp-block-heading\">Infiltraci\u00f3n y extravasaci\u00f3n<\/h5>\n\n\n\n<p>Observar el lugar de punci\u00f3n y recorrido del cat\u00e9ter para identificaci\u00f3n. Fijar l\u00edmites bajos de presi\u00f3n en las bombas de infusi\u00f3n.<\/p>\n\n\n\n<h5 class=\"wp-block-heading\">Edema<\/h5>\n\n\n\n<p>El <strong>edema<\/strong> puede aparecer debido a la fragilidad cut\u00e1nea del neonato. Por una mala elecci\u00f3n de los ap\u00f3sitos empleados o por no seguir las recomendaciones de fijaci\u00f3n. Se evitar\u00e1 a si mismo la presi\u00f3n arterial no invasiva en el miembro canalizado.<\/p>\n\n\n\n<div class=\"wp-block-divi-layout\">[et_pb_section fb_built=\u00bb1&#8243; admin_label=\u00bbsection\u00bb _builder_version=\u00bb4.17.4&#8243; hover_enabled=\u00bb0&#8243; global_colors_info=\u00bb{}\u00bb width=\u00bb100%\u00bb link_option_url=\u00bbhttps:\/\/campusvygon.com\/es\/piel-recien-nacido\/\u00bb sticky_enabled=\u00bb0&#8243;][et_pb_row admin_label=\u00bbrow\u00bb _builder_version=\u00bb4.17.4&#8243; background_color=\u00bbgcid-2d45c7f1-05fc-4f3c-8b35-fe69709a6a62&#8243; background_size=\u00bbinitial\u00bb background_position=\u00bbtop_left\u00bb background_repeat=\u00bbrepeat\u00bb custom_padding=\u00bb55px||55px||true|\u00bb link_option_url=\u00bbhttps:\/\/formacion.campusvygon.com\/es\/cursos\/florida-universitaria-mi-primer-dia-neonatologia-82?edicion=96&amp;tab=info\u00bb link_option_url_new_window=\u00bbon\u00bb box_shadow_style=\u00bbpreset1&#8243; box_shadow_blur=\u00bb79px\u00bb box_shadow_spread=\u00bb-28px\u00bb global_colors_info=\u00bb{%22gcid-2d45c7f1-05fc-4f3c-8b35-fe69709a6a62%22:%91%22background_color%22%93}\u00bb][et_pb_column type=\u00bb4_4&#8243; _builder_version=\u00bb4.16&#8243; _module_preset=\u00bbdefault\u00bb global_colors_info=\u00bb{}\u00bb][et_pb_blurb title=\u00bbEL CUIDADO DE LA PIEL DEL RECI\u00c9N NACIDO: LESIONES Y MANEJO\u00bb use_icon=\u00bbon\u00bb font_icon=\u00bb\uf77c||fa||900&#8243; image_icon_width=\u00bb55px\u00bb _builder_version=\u00bb4.17.4&#8243; _module_preset=\u00bbdefault\u00bb text_orientation=\u00bbcenter\u00bb custom_padding=\u00bb||0px|||\u00bb hover_enabled=\u00bb0&#8243; global_colors_info=\u00bb{}\u00bb sticky_enabled=\u00bb0&#8243;]<p>Para completar informaci\u00f3n<\/p>[\/et_pb_blurb][\/et_pb_column][\/et_pb_row][\/et_pb_section]<\/div>\n\n\n\n<h5 class=\"wp-block-heading\">Resistencia en la retirada<\/h5>\n\n\n\n<p>La<strong> resistencia en la retirada<\/strong> suele deberse a vasoespasmo o adherencias. Para corregirlo se reposicionar\u00e1 la extremidad aplicando calor o humedad durante 30 minutos e intentar de nuevo masajeando el recorrido del cat\u00e9ter.<\/p>\n\n\n\n<figure class=\"wp-block-image aligncenter size-full\"><img loading=\"lazy\" decoding=\"async\" width=\"1191\" height=\"709\" src=\"https:\/\/campusvygon.com\/es\/wp-content\/uploads\/sites\/7\/2022\/05\/INFO_DESPUES_INSERCION_CATETER.png\" alt=\"\" class=\"wp-image-34085\" srcset=\"https:\/\/campusvygon.com\/es\/wp-content\/uploads\/sites\/7\/2022\/05\/INFO_DESPUES_INSERCION_CATETER.png 1191w, https:\/\/campusvygon.com\/es\/wp-content\/uploads\/sites\/7\/2022\/05\/INFO_DESPUES_INSERCION_CATETER-980x583.png 980w, https:\/\/campusvygon.com\/es\/wp-content\/uploads\/sites\/7\/2022\/05\/INFO_DESPUES_INSERCION_CATETER-480x286.png 480w\" sizes=\"(min-width: 0px) and (max-width: 480px) 480px, (min-width: 481px) and (max-width: 980px) 980px, (min-width: 981px) 1191px, 100vw\" \/><figcaption>Complicaciones posteriores a canalizaci\u00f3n l\u00edneas medias en neonatos<\/figcaption><\/figure>\n\n\n\n<h2 class=\"has-text-align-left wp-block-heading\">BIBLIOGRAF\u00cdA<\/h2>\n\n\n\n<ul class=\"wp-block-list\"><li>(1) Ramasethu, J., Complications of vascular catheters in the neonatal intensive care unit. Clin Perinatol. 2008 Mar; 35. Disponible en:<\/li><\/ul>\n\n\n\n<p><a href=\"https:\/\/pubmed.ncbi.nlm.nih.gov\/18280883\/\">https:\/\/pubmed.ncbi.nlm.nih.gov\/18280883\/<\/a><\/p>\n\n\n\n<ul class=\"wp-block-list\"><li>(2) Florez Rodr\u00edguez, D., Garc\u00eda Velo, L., Gasto Laguela, E., Iglesias Garc\u00eda, B., Mart\u00ednez Alfonso, M y Eiriz Barbeito, D. Protocolo: inserci\u00f3n de l\u00edneas medias en pacientes neonatales. Unidad de Neonatolog\u00eda Hospital Teresa Herrera A Coru\u00f1a. Disponible en:<\/li><\/ul>\n\n\n\n<p><a href=\"https:\/\/campusvygon.com\/es\/wp-content\/uploads\/sites\/7\/2021\/03\/Protocolo-lineas-medias-neoantos-z.pdf\">https:\/\/campusvygon.com\/es\/wp-content\/uploads\/sites\/7\/2021\/03\/Protocolo-lineas-medias-neoantos-z.pdf<\/a><\/p>\n\n\n\n<ul class=\"wp-block-list\"><li>(3) Fern\u00e1ndez, S., Funes, S. and Galetto, S., n.d. Manejo Del Dolor En Neonatolog\u00eda. Sociedad Argentina de Pediar\u00eda Subcominsiones, Comit\u00e9s y Grupos de Trabajo. Disponible en: &lt;<a href=\"https:\/\/www.sap.org.ar\/uploads\/consensos\/consensos_manejo-del-dolor-en-neonatologia--89.pdf\"><strong>https:\/\/www.sap.org.ar\/uploads\/consensos\/consensos_manejo-del-dolor-en-neonatologia\u201389.pdf<\/strong><\/a>&gt;<\/li><\/ul>\n\n\n\n<p><a href=\"https:\/\/www.chospab.es\/publicaciones\/protocolosEnfermeria\/documentos\/3c6600ba30436065afe66fdf11f76a15.pdf\">https:\/\/www.chospab.es\/publicaciones\/protocolosEnfermeria\/documentos\/3c6600ba30436065afe66fdf11f76a15.pdf<\/a><\/p>\n\n\n\n<ul class=\"wp-block-list\"><li>(4) S\u00e1nchez Gonz\u00e1lez, C., Garc\u00eda Maestro, A., G\u00f3mez Garc\u00eda, M., Quintana S\u00e1nchez, MJ., Cardo Sim\u00f3n, Ll., Canalizaci\u00f3n, uso y mantenimiento del cat\u00e9ter venoso perif\u00e9rico en pediatr\u00eda. Disponible en:<\/li><\/ul>\n","protected":false},"excerpt":{"rendered":"<p>La canalizaci\u00f3n de las l\u00edneas medias en neonatos es una t\u00e9cnica com\u00fan en las Unidades de Cuidados Cr\u00edticos Neonatales (UCIN). Con el paso de las d\u00e9cadas, las innovaciones tecnol\u00f3gicas de los materiales y los tama\u00f1os de los cat\u00e9teres han permitido el acceso vascular en lactantes m\u00e1s peque\u00f1os y enfermos con el fin de monitorizar la presi\u00f3n arterial, tomar muestras de sangre e infundir l\u00edquidos y medicamentos intravenosos. (1)<\/p>\n","protected":false},"author":94,"featured_media":46870,"comment_status":"open","ping_status":"open","sticky":false,"template":"","format":"standard","meta":{"_acf_changed":false,"_et_pb_use_builder":"","_et_pb_old_content":"","_et_gb_content_width":"","footnotes":""},"categories":[286],"tags":[513,143,144,91],"class_list":["post-34075","post","type-post","status-publish","format-standard","has-post-thumbnail","hentry","category-neonatologia","tag-cuidados-neonatales","tag-linea-media","tag-midline","tag-neonatologia"],"acf":[],"yoast_head":"<!-- This site is optimized with the Yoast SEO plugin v27.4 - https:\/\/yoast.com\/product\/yoast-seo-wordpress\/ -->\n<title>Complicaciones de la canalizaci\u00f3n de l\u00edneas medias en neonatos | Vygon<\/title>\n<meta name=\"description\" content=\"Complicaciones diferentes de las l\u00edneas medias en neonatos. An\u00e1lisis de problemas antes, durante y despu\u00e9s de la inserci\u00f3n.\" \/>\n<meta name=\"robots\" content=\"index, follow, max-snippet:-1, max-image-preview:large, max-video-preview:-1\" \/>\n<link rel=\"canonical\" href=\"https:\/\/campusvygon.com\/es\/complicaciones-de-la-canalizacion-de-lineas-medias-en-neonatos\/\" \/>\n<meta property=\"og:locale\" content=\"es_ES\" \/>\n<meta property=\"og:type\" content=\"article\" \/>\n<meta property=\"og:title\" content=\"Complicaciones de la canalizaci\u00f3n de l\u00edneas medias en neonatos | Vygon\" \/>\n<meta property=\"og:description\" content=\"Complicaciones diferentes de las l\u00edneas medias en neonatos. An\u00e1lisis de problemas antes, durante y despu\u00e9s de la inserci\u00f3n.\" \/>\n<meta property=\"og:url\" content=\"https:\/\/campusvygon.com\/es\/complicaciones-de-la-canalizacion-de-lineas-medias-en-neonatos\/\" \/>\n<meta property=\"og:site_name\" content=\"Campus Vygon Espa\u00f1a\" \/>\n<meta property=\"article:published_time\" content=\"2022-06-16T10:30:00+00:00\" \/>\n<meta property=\"article:modified_time\" content=\"2025-09-04T08:14:32+00:00\" \/>\n<meta property=\"og:image\" content=\"https:\/\/campusvygon.com\/es\/wp-content\/uploads\/sites\/7\/2025\/09\/Portada-complicaciones-canalizacion-scaled.jpeg\" \/>\n\t<meta property=\"og:image:width\" content=\"2560\" \/>\n\t<meta property=\"og:image:height\" content=\"2112\" \/>\n\t<meta property=\"og:image:type\" content=\"image\/jpeg\" \/>\n<meta name=\"author\" content=\"enfermerasteresaherrera\" \/>\n<meta name=\"twitter:card\" content=\"summary_large_image\" \/>\n<meta name=\"twitter:label1\" content=\"Escrito por\" \/>\n\t<meta name=\"twitter:data1\" content=\"enfermerasteresaherrera\" \/>\n\t<meta name=\"twitter:label2\" content=\"Tiempo de lectura\" \/>\n\t<meta name=\"twitter:data2\" content=\"7 minutos\" \/>\n<script type=\"application\/ld+json\" class=\"yoast-schema-graph\">{\"@context\":\"https:\\\/\\\/schema.org\",\"@graph\":[{\"@type\":\"Article\",\"@id\":\"https:\\\/\\\/campusvygon.com\\\/es\\\/complicaciones-de-la-canalizacion-de-lineas-medias-en-neonatos\\\/#article\",\"isPartOf\":{\"@id\":\"https:\\\/\\\/campusvygon.com\\\/es\\\/complicaciones-de-la-canalizacion-de-lineas-medias-en-neonatos\\\/\"},\"author\":{\"name\":\"enfermerasteresaherrera\",\"@id\":\"https:\\\/\\\/campusvygon.com\\\/es\\\/#\\\/schema\\\/person\\\/91b103119afaca27f41271fdb11c8228\"},\"headline\":\"Complicaciones de la canalizaci\u00f3n de l\u00edneas medias en neonatos\",\"datePublished\":\"2022-06-16T10:30:00+00:00\",\"dateModified\":\"2025-09-04T08:14:32+00:00\",\"mainEntityOfPage\":{\"@id\":\"https:\\\/\\\/campusvygon.com\\\/es\\\/complicaciones-de-la-canalizacion-de-lineas-medias-en-neonatos\\\/\"},\"wordCount\":2171,\"commentCount\":1,\"image\":{\"@id\":\"https:\\\/\\\/campusvygon.com\\\/es\\\/complicaciones-de-la-canalizacion-de-lineas-medias-en-neonatos\\\/#primaryimage\"},\"thumbnailUrl\":\"https:\\\/\\\/campusvygon.com\\\/es\\\/wp-content\\\/uploads\\\/sites\\\/7\\\/2025\\\/09\\\/Portada-complicaciones-canalizacion-scaled.jpeg\",\"keywords\":[\"cuidados neonatales\",\"linea media\",\"midline\",\"neonatolog\u00eda\"],\"articleSection\":[\"Neonatolog\u00eda\"],\"inLanguage\":\"es\",\"potentialAction\":[{\"@type\":\"CommentAction\",\"name\":\"Comment\",\"target\":[\"https:\\\/\\\/campusvygon.com\\\/es\\\/complicaciones-de-la-canalizacion-de-lineas-medias-en-neonatos\\\/#respond\"]}]},{\"@type\":\"WebPage\",\"@id\":\"https:\\\/\\\/campusvygon.com\\\/es\\\/complicaciones-de-la-canalizacion-de-lineas-medias-en-neonatos\\\/\",\"url\":\"https:\\\/\\\/campusvygon.com\\\/es\\\/complicaciones-de-la-canalizacion-de-lineas-medias-en-neonatos\\\/\",\"name\":\"Complicaciones de la canalizaci\u00f3n de l\u00edneas medias en neonatos | Vygon\",\"isPartOf\":{\"@id\":\"https:\\\/\\\/campusvygon.com\\\/es\\\/#website\"},\"primaryImageOfPage\":{\"@id\":\"https:\\\/\\\/campusvygon.com\\\/es\\\/complicaciones-de-la-canalizacion-de-lineas-medias-en-neonatos\\\/#primaryimage\"},\"image\":{\"@id\":\"https:\\\/\\\/campusvygon.com\\\/es\\\/complicaciones-de-la-canalizacion-de-lineas-medias-en-neonatos\\\/#primaryimage\"},\"thumbnailUrl\":\"https:\\\/\\\/campusvygon.com\\\/es\\\/wp-content\\\/uploads\\\/sites\\\/7\\\/2025\\\/09\\\/Portada-complicaciones-canalizacion-scaled.jpeg\",\"datePublished\":\"2022-06-16T10:30:00+00:00\",\"dateModified\":\"2025-09-04T08:14:32+00:00\",\"author\":{\"@id\":\"https:\\\/\\\/campusvygon.com\\\/es\\\/#\\\/schema\\\/person\\\/91b103119afaca27f41271fdb11c8228\"},\"description\":\"Complicaciones diferentes de las l\u00edneas medias en neonatos. An\u00e1lisis de problemas antes, durante y despu\u00e9s de la inserci\u00f3n.\",\"breadcrumb\":{\"@id\":\"https:\\\/\\\/campusvygon.com\\\/es\\\/complicaciones-de-la-canalizacion-de-lineas-medias-en-neonatos\\\/#breadcrumb\"},\"inLanguage\":\"es\",\"potentialAction\":[{\"@type\":\"ReadAction\",\"target\":[\"https:\\\/\\\/campusvygon.com\\\/es\\\/complicaciones-de-la-canalizacion-de-lineas-medias-en-neonatos\\\/\"]}]},{\"@type\":\"ImageObject\",\"inLanguage\":\"es\",\"@id\":\"https:\\\/\\\/campusvygon.com\\\/es\\\/complicaciones-de-la-canalizacion-de-lineas-medias-en-neonatos\\\/#primaryimage\",\"url\":\"https:\\\/\\\/campusvygon.com\\\/es\\\/wp-content\\\/uploads\\\/sites\\\/7\\\/2025\\\/09\\\/Portada-complicaciones-canalizacion-scaled.jpeg\",\"contentUrl\":\"https:\\\/\\\/campusvygon.com\\\/es\\\/wp-content\\\/uploads\\\/sites\\\/7\\\/2025\\\/09\\\/Portada-complicaciones-canalizacion-scaled.jpeg\",\"width\":2560,\"height\":2112,\"caption\":\"canalizaci\u00f3n de l\u00edneas medias en neonatos\"},{\"@type\":\"BreadcrumbList\",\"@id\":\"https:\\\/\\\/campusvygon.com\\\/es\\\/complicaciones-de-la-canalizacion-de-lineas-medias-en-neonatos\\\/#breadcrumb\",\"itemListElement\":[{\"@type\":\"ListItem\",\"position\":1,\"name\":\"Portada\",\"item\":\"https:\\\/\\\/campusvygon.com\\\/es\\\/\"},{\"@type\":\"ListItem\",\"position\":2,\"name\":\"Complicaciones de la canalizaci\u00f3n de l\u00edneas medias en neonatos\"}]},{\"@type\":\"WebSite\",\"@id\":\"https:\\\/\\\/campusvygon.com\\\/es\\\/#website\",\"url\":\"https:\\\/\\\/campusvygon.com\\\/es\\\/\",\"name\":\"Campus Vygon Espa\u00f1a\",\"description\":\"Un espacio para aprender sobre procedimientos y t\u00e9cnicas sanitarias de la mano de profesionales de referencia.\",\"potentialAction\":[{\"@type\":\"SearchAction\",\"target\":{\"@type\":\"EntryPoint\",\"urlTemplate\":\"https:\\\/\\\/campusvygon.com\\\/es\\\/?s={search_term_string}\"},\"query-input\":{\"@type\":\"PropertyValueSpecification\",\"valueRequired\":true,\"valueName\":\"search_term_string\"}}],\"inLanguage\":\"es\"},{\"@type\":\"Person\",\"@id\":\"https:\\\/\\\/campusvygon.com\\\/es\\\/#\\\/schema\\\/person\\\/91b103119afaca27f41271fdb11c8228\",\"name\":\"enfermerasteresaherrera\",\"image\":{\"@type\":\"ImageObject\",\"inLanguage\":\"es\",\"@id\":\"https:\\\/\\\/campusvygon.com\\\/es\\\/wp-content\\\/plugins\\\/wp-user-avatar\\\/deprecated\\\/wp-user-avatar\\\/images\\\/wpua-96x96.png\",\"url\":\"https:\\\/\\\/campusvygon.com\\\/es\\\/wp-content\\\/plugins\\\/wp-user-avatar\\\/deprecated\\\/wp-user-avatar\\\/images\\\/wpua-96x96.png\",\"contentUrl\":\"https:\\\/\\\/campusvygon.com\\\/es\\\/wp-content\\\/plugins\\\/wp-user-avatar\\\/deprecated\\\/wp-user-avatar\\\/images\\\/wpua-96x96.png\",\"caption\":\"enfermerasteresaherrera\"},\"description\":\"Unidad de Neonatolog\u00eda H. Teresa Herrera A Coru\u00f1a\",\"url\":\"https:\\\/\\\/campusvygon.com\\\/es\\\/author\\\/enfermerasteresaherrera\\\/\"}]}<\/script>\n<!-- \/ Yoast SEO plugin. -->","yoast_head_json":{"title":"Complicaciones de la canalizaci\u00f3n de l\u00edneas medias en neonatos | Vygon","description":"Complicaciones diferentes de las l\u00edneas medias en neonatos. An\u00e1lisis de problemas antes, durante y despu\u00e9s de la inserci\u00f3n.","robots":{"index":"index","follow":"follow","max-snippet":"max-snippet:-1","max-image-preview":"max-image-preview:large","max-video-preview":"max-video-preview:-1"},"canonical":"https:\/\/campusvygon.com\/es\/complicaciones-de-la-canalizacion-de-lineas-medias-en-neonatos\/","og_locale":"es_ES","og_type":"article","og_title":"Complicaciones de la canalizaci\u00f3n de l\u00edneas medias en neonatos | Vygon","og_description":"Complicaciones diferentes de las l\u00edneas medias en neonatos. An\u00e1lisis de problemas antes, durante y despu\u00e9s de la inserci\u00f3n.","og_url":"https:\/\/campusvygon.com\/es\/complicaciones-de-la-canalizacion-de-lineas-medias-en-neonatos\/","og_site_name":"Campus Vygon Espa\u00f1a","article_published_time":"2022-06-16T10:30:00+00:00","article_modified_time":"2025-09-04T08:14:32+00:00","og_image":[{"width":2560,"height":2112,"url":"https:\/\/campusvygon.com\/es\/wp-content\/uploads\/sites\/7\/2025\/09\/Portada-complicaciones-canalizacion-scaled.jpeg","type":"image\/jpeg"}],"author":"enfermerasteresaherrera","twitter_card":"summary_large_image","twitter_misc":{"Escrito por":"enfermerasteresaherrera","Tiempo de lectura":"7 minutos"},"schema":{"@context":"https:\/\/schema.org","@graph":[{"@type":"Article","@id":"https:\/\/campusvygon.com\/es\/complicaciones-de-la-canalizacion-de-lineas-medias-en-neonatos\/#article","isPartOf":{"@id":"https:\/\/campusvygon.com\/es\/complicaciones-de-la-canalizacion-de-lineas-medias-en-neonatos\/"},"author":{"name":"enfermerasteresaherrera","@id":"https:\/\/campusvygon.com\/es\/#\/schema\/person\/91b103119afaca27f41271fdb11c8228"},"headline":"Complicaciones de la canalizaci\u00f3n de l\u00edneas medias en neonatos","datePublished":"2022-06-16T10:30:00+00:00","dateModified":"2025-09-04T08:14:32+00:00","mainEntityOfPage":{"@id":"https:\/\/campusvygon.com\/es\/complicaciones-de-la-canalizacion-de-lineas-medias-en-neonatos\/"},"wordCount":2171,"commentCount":1,"image":{"@id":"https:\/\/campusvygon.com\/es\/complicaciones-de-la-canalizacion-de-lineas-medias-en-neonatos\/#primaryimage"},"thumbnailUrl":"https:\/\/campusvygon.com\/es\/wp-content\/uploads\/sites\/7\/2025\/09\/Portada-complicaciones-canalizacion-scaled.jpeg","keywords":["cuidados neonatales","linea media","midline","neonatolog\u00eda"],"articleSection":["Neonatolog\u00eda"],"inLanguage":"es","potentialAction":[{"@type":"CommentAction","name":"Comment","target":["https:\/\/campusvygon.com\/es\/complicaciones-de-la-canalizacion-de-lineas-medias-en-neonatos\/#respond"]}]},{"@type":"WebPage","@id":"https:\/\/campusvygon.com\/es\/complicaciones-de-la-canalizacion-de-lineas-medias-en-neonatos\/","url":"https:\/\/campusvygon.com\/es\/complicaciones-de-la-canalizacion-de-lineas-medias-en-neonatos\/","name":"Complicaciones de la canalizaci\u00f3n de l\u00edneas medias en neonatos | Vygon","isPartOf":{"@id":"https:\/\/campusvygon.com\/es\/#website"},"primaryImageOfPage":{"@id":"https:\/\/campusvygon.com\/es\/complicaciones-de-la-canalizacion-de-lineas-medias-en-neonatos\/#primaryimage"},"image":{"@id":"https:\/\/campusvygon.com\/es\/complicaciones-de-la-canalizacion-de-lineas-medias-en-neonatos\/#primaryimage"},"thumbnailUrl":"https:\/\/campusvygon.com\/es\/wp-content\/uploads\/sites\/7\/2025\/09\/Portada-complicaciones-canalizacion-scaled.jpeg","datePublished":"2022-06-16T10:30:00+00:00","dateModified":"2025-09-04T08:14:32+00:00","author":{"@id":"https:\/\/campusvygon.com\/es\/#\/schema\/person\/91b103119afaca27f41271fdb11c8228"},"description":"Complicaciones diferentes de las l\u00edneas medias en neonatos. An\u00e1lisis de problemas antes, durante y despu\u00e9s de la inserci\u00f3n.","breadcrumb":{"@id":"https:\/\/campusvygon.com\/es\/complicaciones-de-la-canalizacion-de-lineas-medias-en-neonatos\/#breadcrumb"},"inLanguage":"es","potentialAction":[{"@type":"ReadAction","target":["https:\/\/campusvygon.com\/es\/complicaciones-de-la-canalizacion-de-lineas-medias-en-neonatos\/"]}]},{"@type":"ImageObject","inLanguage":"es","@id":"https:\/\/campusvygon.com\/es\/complicaciones-de-la-canalizacion-de-lineas-medias-en-neonatos\/#primaryimage","url":"https:\/\/campusvygon.com\/es\/wp-content\/uploads\/sites\/7\/2025\/09\/Portada-complicaciones-canalizacion-scaled.jpeg","contentUrl":"https:\/\/campusvygon.com\/es\/wp-content\/uploads\/sites\/7\/2025\/09\/Portada-complicaciones-canalizacion-scaled.jpeg","width":2560,"height":2112,"caption":"canalizaci\u00f3n de l\u00edneas medias en neonatos"},{"@type":"BreadcrumbList","@id":"https:\/\/campusvygon.com\/es\/complicaciones-de-la-canalizacion-de-lineas-medias-en-neonatos\/#breadcrumb","itemListElement":[{"@type":"ListItem","position":1,"name":"Portada","item":"https:\/\/campusvygon.com\/es\/"},{"@type":"ListItem","position":2,"name":"Complicaciones de la canalizaci\u00f3n de l\u00edneas medias en neonatos"}]},{"@type":"WebSite","@id":"https:\/\/campusvygon.com\/es\/#website","url":"https:\/\/campusvygon.com\/es\/","name":"Campus Vygon Espa\u00f1a","description":"Un espacio para aprender sobre procedimientos y t\u00e9cnicas sanitarias de la mano de profesionales de referencia.","potentialAction":[{"@type":"SearchAction","target":{"@type":"EntryPoint","urlTemplate":"https:\/\/campusvygon.com\/es\/?s={search_term_string}"},"query-input":{"@type":"PropertyValueSpecification","valueRequired":true,"valueName":"search_term_string"}}],"inLanguage":"es"},{"@type":"Person","@id":"https:\/\/campusvygon.com\/es\/#\/schema\/person\/91b103119afaca27f41271fdb11c8228","name":"enfermerasteresaherrera","image":{"@type":"ImageObject","inLanguage":"es","@id":"https:\/\/campusvygon.com\/es\/wp-content\/plugins\/wp-user-avatar\/deprecated\/wp-user-avatar\/images\/wpua-96x96.png","url":"https:\/\/campusvygon.com\/es\/wp-content\/plugins\/wp-user-avatar\/deprecated\/wp-user-avatar\/images\/wpua-96x96.png","contentUrl":"https:\/\/campusvygon.com\/es\/wp-content\/plugins\/wp-user-avatar\/deprecated\/wp-user-avatar\/images\/wpua-96x96.png","caption":"enfermerasteresaherrera"},"description":"Unidad de Neonatolog\u00eda H. Teresa Herrera A Coru\u00f1a","url":"https:\/\/campusvygon.com\/es\/author\/enfermerasteresaherrera\/"}]}},"_links":{"self":[{"href":"https:\/\/campusvygon.com\/es\/wp-json\/wp\/v2\/posts\/34075","targetHints":{"allow":["GET"]}}],"collection":[{"href":"https:\/\/campusvygon.com\/es\/wp-json\/wp\/v2\/posts"}],"about":[{"href":"https:\/\/campusvygon.com\/es\/wp-json\/wp\/v2\/types\/post"}],"author":[{"embeddable":true,"href":"https:\/\/campusvygon.com\/es\/wp-json\/wp\/v2\/users\/94"}],"replies":[{"embeddable":true,"href":"https:\/\/campusvygon.com\/es\/wp-json\/wp\/v2\/comments?post=34075"}],"version-history":[{"count":11,"href":"https:\/\/campusvygon.com\/es\/wp-json\/wp\/v2\/posts\/34075\/revisions"}],"predecessor-version":[{"id":46871,"href":"https:\/\/campusvygon.com\/es\/wp-json\/wp\/v2\/posts\/34075\/revisions\/46871"}],"wp:featuredmedia":[{"embeddable":true,"href":"https:\/\/campusvygon.com\/es\/wp-json\/wp\/v2\/media\/46870"}],"wp:attachment":[{"href":"https:\/\/campusvygon.com\/es\/wp-json\/wp\/v2\/media?parent=34075"}],"wp:term":[{"taxonomy":"category","embeddable":true,"href":"https:\/\/campusvygon.com\/es\/wp-json\/wp\/v2\/categories?post=34075"},{"taxonomy":"post_tag","embeddable":true,"href":"https:\/\/campusvygon.com\/es\/wp-json\/wp\/v2\/tags?post=34075"}],"curies":[{"name":"wp","href":"https:\/\/api.w.org\/{rel}","templated":true}]}}