{"id":43111,"date":"2024-07-25T08:00:00","date_gmt":"2024-07-25T06:00:00","guid":{"rendered":"https:\/\/campusvygon.com\/es\/?p=43111"},"modified":"2024-07-18T08:13:35","modified_gmt":"2024-07-18T06:13:35","slug":"abordaje-supraclavicular","status":"publish","type":"post","link":"https:\/\/campusvygon.com\/es\/abordaje-supraclavicular\/","title":{"rendered":"Abordaje supraclavicular por el Dr. Carlos Salazar"},"content":{"rendered":"\n<p><em>A partir de las indicaciones del abordaje supraclavicular del Dr. Carlos Salazar<\/em> en su formaci\u00f3n \u00abAbordajes del plexo braquial, 4 bloqueos que todo anestesista debe conocer\u00bb:<\/p>\n\n\n\n<p>Conocer y dominar los bloqueos de plexos cl\u00e1sicos es fundamental para realizar la t\u00e9cnica con la mayor seguridad y eficacia posible. Para ello, un s\u00f3lido conocimiento anat\u00f3mico es imprescindible: s\u00f3lo mediante una comprensi\u00f3n clara del cuerpo humano podremos realizar un abordaje correcto.<\/p>\n\n\n\n<p>En el miembro superior, existen cuatro bloqueos del plexo braquial que debemos conocer a la perfecci\u00f3n: <em><a href=\"https:\/\/campusvygon.com\/es\/bloqueo-interescalenico-plexo-braquial\/\">interescal\u00e9nico<\/a>, supraclavicular, <a href=\"https:\/\/campusvygon.com\/es\/bloqueo-plexo-braquial-axilar\/\">axilar <\/a>e infraclavicular<\/em>.<\/p>\n\n\n\n<p>Hoy profundizaremos en el abordaje supraclavicular.<\/p>\n\n\n\n<div style=\"height:35px\" aria-hidden=\"true\" class=\"wp-block-spacer\"><\/div>\n\n\n\n<h2 class=\"wp-block-heading\">\u00bfQu\u00e9 ocurre en el abordaje supraclavicular?<\/h2>\n\n\n\n<p>Al llegar a la base del cuello, por debajo del punto medio de la clav\u00edcula, <strong>todos los componentes del plexo entran en contacto con la arteria subclavia<\/strong>. Es en este sitio donde se realiza el <strong>abordaje supraclavicular<\/strong>.<\/p>\n\n\n\n<p>En la imagen ecogr\u00e1fica se muestra la arteria sobre la primera costilla, por debajo de la porci\u00f3n horizontal del m\u00fasculo omohioideo.<\/p>\n\n\n\n<p>Por otra parte, los troncos superior y medio dentro de la fascia que envuelve al plexo se colocan en la cara superoexterna de la arteria, junto con el nervio supraescapular.<\/p>\n\n\n\n<p>Adem\u00e1s, las ra\u00edces C8 y T1 (o el tronco inferior, dependiendo de la estructura y variabilidad anat\u00f3mica de cada persona), se colocan en su cara interior (correspondiendo con el denominado \u201cCorner Pocket\u201d).<\/p>\n\n\n\n<p>La realizaci\u00f3n de este abordaje debe de tener en cuenta la distribuci\u00f3n del plexo a lado y lado de la arteria, tal y como veremos en la imagen a continuaci\u00f3n.<\/p>\n\n\n\n<div style=\"height:28px\" aria-hidden=\"true\" class=\"wp-block-spacer\"><\/div>\n\n\n\n<h2 class=\"wp-block-heading\">Tres referencias anat\u00f3micas que debemos conocer antes de realizar el abordaje:<\/h2>\n\n\n\n<h3 class=\"wp-block-heading\">Arteria subclavia<\/h3>\n\n\n\n<p>La arteria subclavia asciende desde el mediastino superior por la c\u00fapula pleural y luego cursa sobre la cara superior de la primera costilla, entre las inserciones de los m\u00fasculos escalenos anterior y medio, por debajo del punto medio de la clav\u00edcula.<\/p>\n\n\n\n<p>La <strong>inserci\u00f3n del m\u00fasculo escaleno anterior separa la arteria de la vena subclavia<\/strong> y es de los pocos sitios anat\u00f3micos en los cuales una arteria y su vena acompa\u00f1ante se encuentran separadas.<\/p>\n\n\n\n<figure class=\"wp-block-image aligncenter size-large is-resized\"><img loading=\"lazy\" decoding=\"async\" width=\"1024\" height=\"710\" src=\"https:\/\/campusvygon.com\/es\/wp-content\/uploads\/sites\/7\/2024\/07\/arteria-subclavia-1024x710.png\" alt=\"Anatom\u00eda abordaje supraclavicular, destacando arteria subclavia\" class=\"wp-image-43115\" style=\"width:425px;height:auto\" title=\"supraclavicular\" srcset=\"https:\/\/campusvygon.com\/es\/wp-content\/uploads\/sites\/7\/2024\/07\/arteria-subclavia-980x680.png 980w, https:\/\/campusvygon.com\/es\/wp-content\/uploads\/sites\/7\/2024\/07\/arteria-subclavia-480x333.png 480w\" sizes=\"(min-width: 0px) and (max-width: 480px) 480px, (min-width: 481px) and (max-width: 980px) 980px, (min-width: 981px) 1024px, 100vw\" \/><\/figure>\n\n\n\n<figure class=\"wp-block-image aligncenter size-large is-resized\"><img loading=\"lazy\" decoding=\"async\" width=\"1024\" height=\"622\" src=\"https:\/\/campusvygon.com\/es\/wp-content\/uploads\/sites\/7\/2024\/07\/fig-9b-1024x622.png\" alt=\"Figura miembro superior para abordaje supraclavicular\" class=\"wp-image-43116\" style=\"width:466px;height:auto\" title=\"supraclavicular\" srcset=\"https:\/\/campusvygon.com\/es\/wp-content\/uploads\/sites\/7\/2024\/07\/fig-9b-980x595.png 980w, https:\/\/campusvygon.com\/es\/wp-content\/uploads\/sites\/7\/2024\/07\/fig-9b-480x291.png 480w\" sizes=\"(min-width: 0px) and (max-width: 480px) 480px, (min-width: 481px) and (max-width: 980px) 980px, (min-width: 981px) 1024px, 100vw\" \/><\/figure>\n\n\n\n<h3 class=\"wp-block-heading\">Las divisiones<\/h3>\n\n\n\n<p>Al pasar por debajo del punto medio de la clav\u00edcula acompa\u00f1ando a la arteria, los tres troncos forman las divisiones.<\/p>\n\n\n\n<p><strong>Cada tronco hace una divisi\u00f3n anterior y otra posterior<\/strong> que inmediatamente se fusionan para formar <strong>tres fasc\u00edculos<\/strong> (o troncos secundarios o cordones).<\/p>\n\n\n\n<p>Las divisiones separan la inervaci\u00f3n de los componentes extensores (divisiones posteriores) de los flexores (divisiones anteriores) de la extremidad superior. M\u00e1s concretamente, las divisiones anteriores de los troncos superior y medio forman el futuro fasc\u00edculo lateral (C5, C6, C7); la divisi\u00f3n anterior del tronco inferior forma el fasc\u00edculo medial (C8 y T1); las tres diversiones posteriores forman el futuro fasc\u00edculo posterior (C5-T1).<\/p>\n\n\n\n<p>Adem\u00e1s, la arteria subclavia, acompa\u00f1ando el plexo, se convertir\u00e1 en arteria axilar al dejar la primera costilla por el estrecho toracocostoclavicular.<\/p>\n\n\n\n<div class=\"wp-block-divi-layout\">[et_pb_section fb_built=\u00bb1&#8243; admin_label=\u00bbsection\u00bb _builder_version=\u00bb4.21.0&#8243; global_colors_info=\u00bb{}\u00bb][et_pb_row admin_label=\u00bbrow\u00bb _builder_version=\u00bb4.21.0&#8243; background_color=\u00bbgcid-2d45c7f1-05fc-4f3c-8b35-fe69709a6a62&#8243; background_size=\u00bbinitial\u00bb background_position=\u00bbtop_left\u00bb background_repeat=\u00bbrepeat\u00bb custom_padding=\u00bb55px||55px||true|\u00bb link_option_url_new_window=\u00bbon\u00bb box_shadow_style=\u00bbpreset1&#8243; box_shadow_blur=\u00bb79px\u00bb box_shadow_spread=\u00bb-28px\u00bb global_colors_info=\u00bb{%22gcid-2d45c7f1-05fc-4f3c-8b35-fe69709a6a62%22:%91%22background_color%22%93}\u00bb][et_pb_column type=\u00bb4_4&#8243; _builder_version=\u00bb4.16&#8243; _module_preset=\u00bbdefault\u00bb global_colors_info=\u00bb{}\u00bb][et_pb_blurb title=\u00bbPlexo braquial: claves para conocerlo en profundidad\u00bb use_icon=\u00bbon\u00bb font_icon=\u00bb\uf518||fa||900&#8243; image_icon_width=\u00bb55px\u00bb _builder_version=\u00bb4.26.0&#8243; _module_preset=\u00bbdefault\u00bb text_orientation=\u00bbcenter\u00bb hover_enabled=\u00bb0&#8243; global_colors_info=\u00bb{}\u00bb icon_color=\u00bb#004331&#8243; sticky_enabled=\u00bb0&#8243; link_option_url_new_window=\u00bbon\u00bb url_new_window=\u00bbon\u00bb]<p><span style=\"color: #004331;\"><a href=\"https:\/\/campusvygon.com\/es\/claves-plexo-braquial\/\" style=\"color: #004331;\">Lee este art\u00edculo<\/a><\/span><\/p>[\/et_pb_blurb][\/et_pb_column][\/et_pb_row][\/et_pb_section]<\/div>\n\n\n\n<div style=\"height:30px\" aria-hidden=\"true\" class=\"wp-block-spacer\"><\/div>\n\n\n\n<h3 class=\"wp-block-heading\">El espacio axilar<\/h3>\n\n\n\n<p>Ente el punto medio de la clav\u00edcula y el h\u00famero proximal se localiza el <strong>espacio axilar anat\u00f3mico<\/strong>, el cual tiene forma de pir\u00e1mide truncada.<\/p>\n\n\n\n<p>La base del espacio axilar est\u00e1 formada por la fascia axilar (que incluye al ligamento suspensorio de la axila) y la piel que la cubre en el extremo m\u00e1s proximal del brazo en su uni\u00f3n con el tronco.<\/p>\n\n\n\n<p>La pared anterior del espacio axilar es importante para comprender las relaciones anat\u00f3micas de los abordajes infraclaviculares y est\u00e1 formada por los m\u00fasculos pectorales mayor y menor.<\/p>\n\n\n\n<figure class=\"wp-block-image aligncenter size-large is-resized\"><img loading=\"lazy\" decoding=\"async\" width=\"1024\" height=\"706\" src=\"https:\/\/campusvygon.com\/es\/wp-content\/uploads\/sites\/7\/2024\/07\/Mesa-de-trabajo-3-100-1024x706.jpg\" alt=\"Decripci\u00f3n anatom\u00eda superior para abordaje supraclavicular\" class=\"wp-image-43117\" style=\"width:453px;height:auto\" srcset=\"https:\/\/campusvygon.com\/es\/wp-content\/uploads\/sites\/7\/2024\/07\/Mesa-de-trabajo-3-100-980x676.jpg 980w, https:\/\/campusvygon.com\/es\/wp-content\/uploads\/sites\/7\/2024\/07\/Mesa-de-trabajo-3-100-480x331.jpg 480w\" sizes=\"(min-width: 0px) and (max-width: 480px) 480px, (min-width: 481px) and (max-width: 980px) 980px, (min-width: 981px) 1024px, 100vw\" \/><\/figure>\n\n\n\n<div style=\"height:30px\" aria-hidden=\"true\" class=\"wp-block-spacer\"><\/div>\n\n\n\n<h3 class=\"wp-block-heading\">An\u00e1lisis del abordaje supraclavicular e imagen ecogr\u00e1fica<\/h3>\n\n\n\n<p>En esta secuencia de tres im\u00e1genes se representa la imagen ecogr\u00e1fica del plexo en la base del cuello, es decir, el abordaje supraclavicular.<\/p>\n\n\n\n<ol class=\"wp-block-list\">\n<li>El transductor est\u00e1 colocado en paralelo al borde posterior de la clav\u00edcula, apuntando en sentido caudal<\/li>\n\n\n\n<li>Se observa el conjunto de arteria subclavia y plexo debajo de la porci\u00f3n horizontal del m\u00fasculo omohioideo (OH en la imagen) y por encima de la primera costilla.<\/li>\n\n\n\n<li>El este paciente en particular, se observan en la cara superoexterna de la arteria, los troncos superior (TS) y medio &#x2122; envueltos por la fascia del plexo, acompa\u00f1ados por el nervio supraescapular (SE). En este caso, el nervio SE est\u00e1 empezando a separarse del plexo.<\/li>\n\n\n\n<li>En la cara inferior se observan las ra\u00edces C8 y T1 que justo est\u00e1n llegando, por esto no est\u00e1n todav\u00eda incluidos en la fascia ni han formado el tronco superior.<\/li>\n\n\n\n<li>Al lado derecho (lateral) se ve la inserci\u00f3n del m\u00fasculo escaleno medio en la costilla (tiene aspecto tangencial por la proyecci\u00f3n de la imagen).<\/li>\n\n\n\n<li>Al lado izquierdo (medial) est\u00e1 la inserci\u00f3n del m\u00fasculo escaleno anterior en la costilla.<\/li>\n\n\n\n<li>Medial al m\u00fasculo escaleno anterior se observa la vena subclavia apoyada sobre la c\u00fapula pleural.<\/li>\n<\/ol>\n\n\n\n<figure class=\"wp-block-image aligncenter size-large is-resized\"><img loading=\"lazy\" decoding=\"async\" width=\"1024\" height=\"729\" src=\"https:\/\/campusvygon.com\/es\/wp-content\/uploads\/sites\/7\/2024\/07\/supra1-1024x729.png\" alt=\"\" class=\"wp-image-43121\" style=\"width:500px\" srcset=\"https:\/\/campusvygon.com\/es\/wp-content\/uploads\/sites\/7\/2024\/07\/supra1-980x698.png 980w, https:\/\/campusvygon.com\/es\/wp-content\/uploads\/sites\/7\/2024\/07\/supra1-480x342.png 480w\" sizes=\"(min-width: 0px) and (max-width: 480px) 480px, (min-width: 481px) and (max-width: 980px) 980px, (min-width: 981px) 1024px, 100vw\" \/><\/figure>\n\n\n\n<figure class=\"wp-block-image aligncenter size-large is-resized\"><img loading=\"lazy\" decoding=\"async\" width=\"1024\" height=\"462\" src=\"https:\/\/campusvygon.com\/es\/wp-content\/uploads\/sites\/7\/2024\/07\/supra2-1024x462.png\" alt=\"\" class=\"wp-image-43122\" style=\"width:500px\" srcset=\"https:\/\/campusvygon.com\/es\/wp-content\/uploads\/sites\/7\/2024\/07\/supra2-980x442.png 980w, https:\/\/campusvygon.com\/es\/wp-content\/uploads\/sites\/7\/2024\/07\/supra2-480x216.png 480w\" sizes=\"(min-width: 0px) and (max-width: 480px) 480px, (min-width: 481px) and (max-width: 980px) 980px, (min-width: 981px) 1024px, 100vw\" \/><\/figure>\n\n\n\n<figure class=\"wp-block-image aligncenter size-large is-resized\"><img loading=\"lazy\" decoding=\"async\" width=\"1024\" height=\"452\" src=\"https:\/\/campusvygon.com\/es\/wp-content\/uploads\/sites\/7\/2024\/07\/supra3-1024x452.png\" alt=\"\" class=\"wp-image-43123\" style=\"width:500px\" srcset=\"https:\/\/campusvygon.com\/es\/wp-content\/uploads\/sites\/7\/2024\/07\/supra3-980x433.png 980w, https:\/\/campusvygon.com\/es\/wp-content\/uploads\/sites\/7\/2024\/07\/supra3-480x212.png 480w\" sizes=\"(min-width: 0px) and (max-width: 480px) 480px, (min-width: 481px) and (max-width: 980px) 980px, (min-width: 981px) 1024px, 100vw\" \/><\/figure>\n\n\n\n<div style=\"height:44px\" aria-hidden=\"true\" class=\"wp-block-spacer\"><\/div>\n\n\n\n<p>El abordaje supraclavicular es uno de los bloqueos que podemos realizar por encima de la clav\u00edcula. Puedes conocer el resto en esta formaci\u00f3n online:<\/p>\n\n\n\n<div class=\"wp-block-divi-layout\">[et_pb_section fb_built=\u00bb1&#8243; admin_label=\u00bbsection\u00bb _builder_version=\u00bb4.16&#8243; global_colors_info=\u00bb{}\u00bb][et_pb_row admin_label=\u00bbrow\u00bb _builder_version=\u00bb4.16&#8243; background_size=\u00bbinitial\u00bb background_position=\u00bbtop_left\u00bb background_repeat=\u00bbrepeat\u00bb global_colors_info=\u00bb{}\u00bb][\/et_pb_row][\/et_pb_section]<\/div>\n\n\n\n<div style=\"height:30px\" aria-hidden=\"true\" class=\"wp-block-spacer\"><\/div>\n\n\n\n<figure class=\"wp-block-image size-full\"><img loading=\"lazy\" decoding=\"async\" width=\"842\" height=\"596\" src=\"https:\/\/campusvygon.com\/es\/wp-content\/uploads\/sites\/7\/2024\/07\/infografia-abordaje-supraclavicular.jpg\" alt=\"Infograf\u00eda abordaje supraclavicular\" class=\"wp-image-43124\" srcset=\"https:\/\/campusvygon.com\/es\/wp-content\/uploads\/sites\/7\/2024\/07\/infografia-abordaje-supraclavicular.jpg 842w, https:\/\/campusvygon.com\/es\/wp-content\/uploads\/sites\/7\/2024\/07\/infografia-abordaje-supraclavicular-480x340.jpg 480w\" sizes=\"(min-width: 0px) and (max-width: 480px) 480px, (min-width: 481px) 842px, 100vw\" \/><figcaption class=\"wp-element-caption\">Infograf\u00eda abordaje supraclavicular<\/figcaption><\/figure>\n\n\n\n<div class=\"wp-block-buttons is-layout-flex wp-block-buttons-is-layout-flex\">\n<div class=\"wp-block-button\"><a class=\"wp-block-button__link wp-element-button\" href=\"https:\/\/campusvygon.com\/es\/wp-content\/uploads\/sites\/7\/2024\/07\/ABORDAJE-SUPRACLAVICULAR-INFOGRAFIA.pdf\">Descarga aqu\u00ed la infograf\u00eda<\/a><\/div>\n<\/div>\n\n\n\n<div style=\"height:40px\" aria-hidden=\"true\" class=\"wp-block-spacer\"><\/div>\n\n\n\n<h2 class=\"wp-block-heading\">Bibliograf\u00eda<\/h2>\n\n\n\n<p>Pester JM, Hendrix JM, Varacallo M. Brachial Plexus Block Techniques. [Updated 2023 Aug 4]. In: StatPearls [Internet]. Treasure Island (FL): StatPearls. Publishing; 2023 Jan-. Available from: <a href=\"https:\/\/www.ncbi.nlm.nih.gov\/books\/NBK470213\/\">https:\/\/www.ncbi.nlm.nih.gov\/books\/NBK470213\/<\/a><\/p>\n\n\n\n<p>John RS, Mckean G, Sarkar RA. Upper Limb Block Anesthesia. [Updated 2023 May 27]. In: StatPearls [Internet]. Treasure Island (FL): StatPearls Publishing; 2023 Jan-. Available from: <a href=\"https:\/\/www.ncbi.nlm.nih.gov\/books\/NBK531460\/\">https:\/\/www.ncbi.nlm.nih.gov\/books\/NBK531460\/<\/a><\/p>\n\n\n\n<p>McGillicuddy JKN, McGillicuddy JE; Watson CC; Kahn E, Yang LJ-S. Anatomy of the brachial plexus and its branches. Chapters 38, 39 and 40 in Tubbs RS, Rizk E, Shoja MM, Loukas M, Barbara N, and Spinner R (editors) Nerves and nerves injuries, Vol 1; Academic Press\/Elsevier, London (UK), Oxford (UK), San Diego CA (USA), Waltham MA (USA) 2015: 523-552<\/p>\n\n\n\n<p>Rahimi, O., &amp; Geiger, Z. (2023). Anatomy, Thorax, Subclavian Arteries. In&nbsp;<em>StatPearls<\/em>. StatPearls Publishing. <a href=\"https:\/\/pubmed.ncbi.nlm.nih.gov\/30969558\/\">Anatomy, Thorax, Subclavian Arteries &#8211; PubMed (nih.gov)<\/a><\/p>\n","protected":false},"excerpt":{"rendered":"<p>En el miembro superior, existen cuatro bloqueos del plexo braquial que debemos conocer a la perfecci\u00f3n: interescal\u00e9nico, supraclavicular, axilar e infraclavicular.<\/p>\n<p>Hoy profundizaremos en el abordaje supraclavicular<\/p>\n","protected":false},"author":107,"featured_media":43127,"comment_status":"open","ping_status":"open","sticky":false,"template":"","format":"standard","meta":{"_acf_changed":false,"_et_pb_use_builder":"","_et_pb_old_content":"","_et_gb_content_width":"","footnotes":""},"categories":[80],"tags":[267,916,777,915],"class_list":["post-43111","post","type-post","status-publish","format-standard","has-post-thumbnail","hentry","category-articulos","tag-bloqueo-de-plexos","tag-braquial","tag-plexo-braquial","tag-supraclavicular"],"acf":[],"yoast_head":"<!-- This site is optimized with the Yoast SEO plugin v27.4 - https:\/\/yoast.com\/product\/yoast-seo-wordpress\/ -->\n<title>Abordaje supraclavicular por el Dr. Carlos Salazar - Campus Vygon Espa\u00f1a<\/title>\n<meta name=\"description\" content=\"El abordaje supraclavicular es uno de los bloqueos clave en el miembro superior. El Dr. Salazar explica qu\u00e9 debemos saber para realizarlo.\" \/>\n<meta name=\"robots\" content=\"index, follow, max-snippet:-1, max-image-preview:large, max-video-preview:-1\" \/>\n<link rel=\"canonical\" href=\"https:\/\/campusvygon.com\/es\/abordaje-supraclavicular\/\" \/>\n<meta property=\"og:locale\" content=\"es_ES\" \/>\n<meta property=\"og:type\" content=\"article\" \/>\n<meta property=\"og:title\" content=\"Abordaje supraclavicular por el Dr. Carlos Salazar - Campus Vygon Espa\u00f1a\" \/>\n<meta property=\"og:description\" content=\"El abordaje supraclavicular es uno de los bloqueos clave en el miembro superior. El Dr. Salazar explica qu\u00e9 debemos saber para realizarlo.\" \/>\n<meta property=\"og:url\" content=\"https:\/\/campusvygon.com\/es\/abordaje-supraclavicular\/\" \/>\n<meta property=\"og:site_name\" content=\"Campus Vygon Espa\u00f1a\" \/>\n<meta property=\"article:published_time\" content=\"2024-07-25T06:00:00+00:00\" \/>\n<meta property=\"og:image\" content=\"https:\/\/campusvygon.com\/es\/wp-content\/uploads\/sites\/7\/2024\/07\/portada-supra.png\" \/>\n\t<meta property=\"og:image:width\" content=\"1024\" \/>\n\t<meta property=\"og:image:height\" content=\"512\" \/>\n\t<meta property=\"og:image:type\" content=\"image\/png\" \/>\n<meta name=\"author\" content=\"Ant\u00eda Pineiro\" \/>\n<meta name=\"twitter:card\" content=\"summary_large_image\" \/>\n<meta name=\"twitter:label1\" content=\"Escrito por\" \/>\n\t<meta name=\"twitter:data1\" content=\"Ant\u00eda Pineiro\" \/>\n\t<meta name=\"twitter:label2\" content=\"Tiempo de lectura\" \/>\n\t<meta name=\"twitter:data2\" content=\"7 minutos\" \/>\n<script type=\"application\/ld+json\" class=\"yoast-schema-graph\">{\"@context\":\"https:\\\/\\\/schema.org\",\"@graph\":[{\"@type\":\"Article\",\"@id\":\"https:\\\/\\\/campusvygon.com\\\/es\\\/abordaje-supraclavicular\\\/#article\",\"isPartOf\":{\"@id\":\"https:\\\/\\\/campusvygon.com\\\/es\\\/abordaje-supraclavicular\\\/\"},\"author\":{\"name\":\"Ant\u00eda Pineiro\",\"@id\":\"https:\\\/\\\/campusvygon.com\\\/es\\\/#\\\/schema\\\/person\\\/40054a5c2f5515224e15090d4b7b0f3d\"},\"headline\":\"Abordaje supraclavicular por el Dr. Carlos Salazar\",\"datePublished\":\"2024-07-25T06:00:00+00:00\",\"mainEntityOfPage\":{\"@id\":\"https:\\\/\\\/campusvygon.com\\\/es\\\/abordaje-supraclavicular\\\/\"},\"wordCount\":1209,\"commentCount\":0,\"image\":{\"@id\":\"https:\\\/\\\/campusvygon.com\\\/es\\\/abordaje-supraclavicular\\\/#primaryimage\"},\"thumbnailUrl\":\"https:\\\/\\\/campusvygon.com\\\/es\\\/wp-content\\\/uploads\\\/sites\\\/7\\\/2024\\\/07\\\/portada-supra.png\",\"keywords\":[\"bloqueo de plexos\",\"braquial\",\"plexo braquial\",\"supraclavicular\"],\"articleSection\":[\"Art\u00edculos\"],\"inLanguage\":\"es\",\"potentialAction\":[{\"@type\":\"CommentAction\",\"name\":\"Comment\",\"target\":[\"https:\\\/\\\/campusvygon.com\\\/es\\\/abordaje-supraclavicular\\\/#respond\"]}]},{\"@type\":\"WebPage\",\"@id\":\"https:\\\/\\\/campusvygon.com\\\/es\\\/abordaje-supraclavicular\\\/\",\"url\":\"https:\\\/\\\/campusvygon.com\\\/es\\\/abordaje-supraclavicular\\\/\",\"name\":\"Abordaje supraclavicular por el Dr. Carlos Salazar - Campus Vygon Espa\u00f1a\",\"isPartOf\":{\"@id\":\"https:\\\/\\\/campusvygon.com\\\/es\\\/#website\"},\"primaryImageOfPage\":{\"@id\":\"https:\\\/\\\/campusvygon.com\\\/es\\\/abordaje-supraclavicular\\\/#primaryimage\"},\"image\":{\"@id\":\"https:\\\/\\\/campusvygon.com\\\/es\\\/abordaje-supraclavicular\\\/#primaryimage\"},\"thumbnailUrl\":\"https:\\\/\\\/campusvygon.com\\\/es\\\/wp-content\\\/uploads\\\/sites\\\/7\\\/2024\\\/07\\\/portada-supra.png\",\"datePublished\":\"2024-07-25T06:00:00+00:00\",\"author\":{\"@id\":\"https:\\\/\\\/campusvygon.com\\\/es\\\/#\\\/schema\\\/person\\\/40054a5c2f5515224e15090d4b7b0f3d\"},\"description\":\"El abordaje supraclavicular es uno de los bloqueos clave en el miembro superior. El Dr. Salazar explica qu\u00e9 debemos saber para realizarlo.\",\"breadcrumb\":{\"@id\":\"https:\\\/\\\/campusvygon.com\\\/es\\\/abordaje-supraclavicular\\\/#breadcrumb\"},\"inLanguage\":\"es\",\"potentialAction\":[{\"@type\":\"ReadAction\",\"target\":[\"https:\\\/\\\/campusvygon.com\\\/es\\\/abordaje-supraclavicular\\\/\"]}]},{\"@type\":\"ImageObject\",\"inLanguage\":\"es\",\"@id\":\"https:\\\/\\\/campusvygon.com\\\/es\\\/abordaje-supraclavicular\\\/#primaryimage\",\"url\":\"https:\\\/\\\/campusvygon.com\\\/es\\\/wp-content\\\/uploads\\\/sites\\\/7\\\/2024\\\/07\\\/portada-supra.png\",\"contentUrl\":\"https:\\\/\\\/campusvygon.com\\\/es\\\/wp-content\\\/uploads\\\/sites\\\/7\\\/2024\\\/07\\\/portada-supra.png\",\"width\":1024,\"height\":512,\"caption\":\"Portada supraclavicular\"},{\"@type\":\"BreadcrumbList\",\"@id\":\"https:\\\/\\\/campusvygon.com\\\/es\\\/abordaje-supraclavicular\\\/#breadcrumb\",\"itemListElement\":[{\"@type\":\"ListItem\",\"position\":1,\"name\":\"Portada\",\"item\":\"https:\\\/\\\/campusvygon.com\\\/es\\\/\"},{\"@type\":\"ListItem\",\"position\":2,\"name\":\"Abordaje supraclavicular por el Dr. Carlos Salazar\"}]},{\"@type\":\"WebSite\",\"@id\":\"https:\\\/\\\/campusvygon.com\\\/es\\\/#website\",\"url\":\"https:\\\/\\\/campusvygon.com\\\/es\\\/\",\"name\":\"Campus Vygon Espa\u00f1a\",\"description\":\"Un espacio para aprender sobre procedimientos y t\u00e9cnicas sanitarias de la mano de profesionales de referencia.\",\"potentialAction\":[{\"@type\":\"SearchAction\",\"target\":{\"@type\":\"EntryPoint\",\"urlTemplate\":\"https:\\\/\\\/campusvygon.com\\\/es\\\/?s={search_term_string}\"},\"query-input\":{\"@type\":\"PropertyValueSpecification\",\"valueRequired\":true,\"valueName\":\"search_term_string\"}}],\"inLanguage\":\"es\"},{\"@type\":\"Person\",\"@id\":\"https:\\\/\\\/campusvygon.com\\\/es\\\/#\\\/schema\\\/person\\\/40054a5c2f5515224e15090d4b7b0f3d\",\"name\":\"Ant\u00eda Pineiro\",\"image\":{\"@type\":\"ImageObject\",\"inLanguage\":\"es\",\"@id\":\"https:\\\/\\\/campusvygon.com\\\/es\\\/wp-content\\\/uploads\\\/sites\\\/7\\\/2026\\\/01\\\/FOTO-ANTIA2-150x150.png\",\"url\":\"https:\\\/\\\/campusvygon.com\\\/es\\\/wp-content\\\/uploads\\\/sites\\\/7\\\/2026\\\/01\\\/FOTO-ANTIA2-150x150.png\",\"contentUrl\":\"https:\\\/\\\/campusvygon.com\\\/es\\\/wp-content\\\/uploads\\\/sites\\\/7\\\/2026\\\/01\\\/FOTO-ANTIA2-150x150.png\",\"caption\":\"Ant\u00eda Pineiro\"},\"description\":\"Responsable de comunicaci\u00f3n de anestesia, emergencias y cuidados intensivos en Vygon Espa\u00f1a\",\"url\":\"https:\\\/\\\/campusvygon.com\\\/es\\\/author\\\/apineiro\\\/\"}]}<\/script>\n<!-- \/ Yoast SEO plugin. -->","yoast_head_json":{"title":"Abordaje supraclavicular por el Dr. Carlos Salazar - Campus Vygon Espa\u00f1a","description":"El abordaje supraclavicular es uno de los bloqueos clave en el miembro superior. El Dr. Salazar explica qu\u00e9 debemos saber para realizarlo.","robots":{"index":"index","follow":"follow","max-snippet":"max-snippet:-1","max-image-preview":"max-image-preview:large","max-video-preview":"max-video-preview:-1"},"canonical":"https:\/\/campusvygon.com\/es\/abordaje-supraclavicular\/","og_locale":"es_ES","og_type":"article","og_title":"Abordaje supraclavicular por el Dr. Carlos Salazar - Campus Vygon Espa\u00f1a","og_description":"El abordaje supraclavicular es uno de los bloqueos clave en el miembro superior. El Dr. Salazar explica qu\u00e9 debemos saber para realizarlo.","og_url":"https:\/\/campusvygon.com\/es\/abordaje-supraclavicular\/","og_site_name":"Campus Vygon Espa\u00f1a","article_published_time":"2024-07-25T06:00:00+00:00","og_image":[{"width":1024,"height":512,"url":"https:\/\/campusvygon.com\/es\/wp-content\/uploads\/sites\/7\/2024\/07\/portada-supra.png","type":"image\/png"}],"author":"Ant\u00eda Pineiro","twitter_card":"summary_large_image","twitter_misc":{"Escrito por":"Ant\u00eda Pineiro","Tiempo de lectura":"7 minutos"},"schema":{"@context":"https:\/\/schema.org","@graph":[{"@type":"Article","@id":"https:\/\/campusvygon.com\/es\/abordaje-supraclavicular\/#article","isPartOf":{"@id":"https:\/\/campusvygon.com\/es\/abordaje-supraclavicular\/"},"author":{"name":"Ant\u00eda Pineiro","@id":"https:\/\/campusvygon.com\/es\/#\/schema\/person\/40054a5c2f5515224e15090d4b7b0f3d"},"headline":"Abordaje supraclavicular por el Dr. Carlos Salazar","datePublished":"2024-07-25T06:00:00+00:00","mainEntityOfPage":{"@id":"https:\/\/campusvygon.com\/es\/abordaje-supraclavicular\/"},"wordCount":1209,"commentCount":0,"image":{"@id":"https:\/\/campusvygon.com\/es\/abordaje-supraclavicular\/#primaryimage"},"thumbnailUrl":"https:\/\/campusvygon.com\/es\/wp-content\/uploads\/sites\/7\/2024\/07\/portada-supra.png","keywords":["bloqueo de plexos","braquial","plexo braquial","supraclavicular"],"articleSection":["Art\u00edculos"],"inLanguage":"es","potentialAction":[{"@type":"CommentAction","name":"Comment","target":["https:\/\/campusvygon.com\/es\/abordaje-supraclavicular\/#respond"]}]},{"@type":"WebPage","@id":"https:\/\/campusvygon.com\/es\/abordaje-supraclavicular\/","url":"https:\/\/campusvygon.com\/es\/abordaje-supraclavicular\/","name":"Abordaje supraclavicular por el Dr. Carlos Salazar - Campus Vygon Espa\u00f1a","isPartOf":{"@id":"https:\/\/campusvygon.com\/es\/#website"},"primaryImageOfPage":{"@id":"https:\/\/campusvygon.com\/es\/abordaje-supraclavicular\/#primaryimage"},"image":{"@id":"https:\/\/campusvygon.com\/es\/abordaje-supraclavicular\/#primaryimage"},"thumbnailUrl":"https:\/\/campusvygon.com\/es\/wp-content\/uploads\/sites\/7\/2024\/07\/portada-supra.png","datePublished":"2024-07-25T06:00:00+00:00","author":{"@id":"https:\/\/campusvygon.com\/es\/#\/schema\/person\/40054a5c2f5515224e15090d4b7b0f3d"},"description":"El abordaje supraclavicular es uno de los bloqueos clave en el miembro superior. El Dr. Salazar explica qu\u00e9 debemos saber para realizarlo.","breadcrumb":{"@id":"https:\/\/campusvygon.com\/es\/abordaje-supraclavicular\/#breadcrumb"},"inLanguage":"es","potentialAction":[{"@type":"ReadAction","target":["https:\/\/campusvygon.com\/es\/abordaje-supraclavicular\/"]}]},{"@type":"ImageObject","inLanguage":"es","@id":"https:\/\/campusvygon.com\/es\/abordaje-supraclavicular\/#primaryimage","url":"https:\/\/campusvygon.com\/es\/wp-content\/uploads\/sites\/7\/2024\/07\/portada-supra.png","contentUrl":"https:\/\/campusvygon.com\/es\/wp-content\/uploads\/sites\/7\/2024\/07\/portada-supra.png","width":1024,"height":512,"caption":"Portada supraclavicular"},{"@type":"BreadcrumbList","@id":"https:\/\/campusvygon.com\/es\/abordaje-supraclavicular\/#breadcrumb","itemListElement":[{"@type":"ListItem","position":1,"name":"Portada","item":"https:\/\/campusvygon.com\/es\/"},{"@type":"ListItem","position":2,"name":"Abordaje supraclavicular por el Dr. Carlos Salazar"}]},{"@type":"WebSite","@id":"https:\/\/campusvygon.com\/es\/#website","url":"https:\/\/campusvygon.com\/es\/","name":"Campus Vygon Espa\u00f1a","description":"Un espacio para aprender sobre procedimientos y t\u00e9cnicas sanitarias de la mano de profesionales de referencia.","potentialAction":[{"@type":"SearchAction","target":{"@type":"EntryPoint","urlTemplate":"https:\/\/campusvygon.com\/es\/?s={search_term_string}"},"query-input":{"@type":"PropertyValueSpecification","valueRequired":true,"valueName":"search_term_string"}}],"inLanguage":"es"},{"@type":"Person","@id":"https:\/\/campusvygon.com\/es\/#\/schema\/person\/40054a5c2f5515224e15090d4b7b0f3d","name":"Ant\u00eda Pineiro","image":{"@type":"ImageObject","inLanguage":"es","@id":"https:\/\/campusvygon.com\/es\/wp-content\/uploads\/sites\/7\/2026\/01\/FOTO-ANTIA2-150x150.png","url":"https:\/\/campusvygon.com\/es\/wp-content\/uploads\/sites\/7\/2026\/01\/FOTO-ANTIA2-150x150.png","contentUrl":"https:\/\/campusvygon.com\/es\/wp-content\/uploads\/sites\/7\/2026\/01\/FOTO-ANTIA2-150x150.png","caption":"Ant\u00eda Pineiro"},"description":"Responsable de comunicaci\u00f3n de anestesia, emergencias y cuidados intensivos en Vygon Espa\u00f1a","url":"https:\/\/campusvygon.com\/es\/author\/apineiro\/"}]}},"_links":{"self":[{"href":"https:\/\/campusvygon.com\/es\/wp-json\/wp\/v2\/posts\/43111","targetHints":{"allow":["GET"]}}],"collection":[{"href":"https:\/\/campusvygon.com\/es\/wp-json\/wp\/v2\/posts"}],"about":[{"href":"https:\/\/campusvygon.com\/es\/wp-json\/wp\/v2\/types\/post"}],"author":[{"embeddable":true,"href":"https:\/\/campusvygon.com\/es\/wp-json\/wp\/v2\/users\/107"}],"replies":[{"embeddable":true,"href":"https:\/\/campusvygon.com\/es\/wp-json\/wp\/v2\/comments?post=43111"}],"version-history":[{"count":7,"href":"https:\/\/campusvygon.com\/es\/wp-json\/wp\/v2\/posts\/43111\/revisions"}],"predecessor-version":[{"id":43134,"href":"https:\/\/campusvygon.com\/es\/wp-json\/wp\/v2\/posts\/43111\/revisions\/43134"}],"wp:featuredmedia":[{"embeddable":true,"href":"https:\/\/campusvygon.com\/es\/wp-json\/wp\/v2\/media\/43127"}],"wp:attachment":[{"href":"https:\/\/campusvygon.com\/es\/wp-json\/wp\/v2\/media?parent=43111"}],"wp:term":[{"taxonomy":"category","embeddable":true,"href":"https:\/\/campusvygon.com\/es\/wp-json\/wp\/v2\/categories?post=43111"},{"taxonomy":"post_tag","embeddable":true,"href":"https:\/\/campusvygon.com\/es\/wp-json\/wp\/v2\/tags?post=43111"}],"curies":[{"name":"wp","href":"https:\/\/api.w.org\/{rel}","templated":true}]}}