{"id":4808,"date":"2014-10-23T13:33:09","date_gmt":"2014-10-23T11:33:09","guid":{"rendered":"http:\/\/campusvygon.com\/es\/?p=4808"},"modified":"2025-09-30T14:15:34","modified_gmt":"2025-09-30T12:15:34","slug":"entrevista-bernardo-valdivieso","status":"publish","type":"post","link":"https:\/\/campusvygon.com\/es\/entrevista-bernardo-valdivieso\/","title":{"rendered":"Entrevista a Dr. Bernardo Valdivieso, Director del \u00c1rea de Atenci\u00f3n Domiciliaria y Telemedicina y Director de Planificaci\u00f3n Hospital La Fe"},"content":{"rendered":"<p>iEl 23 de octubre de 2014 se celebra el Hospital La Fe de Valencia la <strong>VI Jornada de la Sociedad Valenciana de Hospital a Domicilio<\/strong>. Un encuentro que cuenta con un amplio programa en donde sus m\u00e1s de 150 asistente podr\u00e1n conocer nuevas t\u00e9cnicas de accesos vasculares ecoguiados, entre otras. Con motivo de ello, hemos entrevistado al Dr. Bernardo Valdivieso, Presidente del Comit\u00e9 Organizador y Director \u00c1rea Atenci\u00f3n Domiciliaria y Telemedicina y Director de Planificaci\u00f3n Hospital La Fe.<\/p>\n<p>Vygon Espa\u00f1a, en su empe\u00f1o de estar siempre al lado de los profesionales sanitarios, est\u00e1 presente en el stand n\u00ba 3.<\/p>\n<p>Con motivo de ello, hemos entrevistado al Dr. Bernardo Valdivieso, Presidente del Comit\u00e9 Organizador y Director \u00c1rea Atenci\u00f3n Domiciliaria y Telemedicina y Director de Planificaci\u00f3n Hospital La Fe.<\/p>\n<p><strong>Estimado Doctor Valdivieso, \u00bfCu\u00e1l es la situaci\u00f3n actual de la Hospitalizaci\u00f3n a Domicilio en la Comunidad Valenciana?<\/strong><\/p>\n<p>La hospitalizaci\u00f3n a Domicilio en la Comunidad Valenciana alcanza el m\u00e1ximo desarrollo nacional de la especialidad, distribuido en sus tres \u00e1reas geogr\u00e1ficas (Castell\u00f3n, Valencia y Alicante), mediante l\u00edneas asistenciales de adultos, pediatr\u00eda y salud mental.<\/p>\n<p>Se trata de una alternativa asistencial que proporciona en el domicilio, tratamiento activo a enfermos que hubieran precisado hospital de agudos por un per\u00edodo de tiempo limitado, y\/o soporte en la fase final de la vida.<\/p>\n<p><strong>\u00bfQu\u00e9 papel juega la SVHAD en el desarrollo de la actividad asistencial a domicilio en la Comunidad Valenciana?<\/strong><\/p>\n<p>La Sociedad Valenciana organiza jornadas anuales para la puesta en com\u00fan de los aspectos m\u00e1s novedosos o m\u00e1s relevantes en el desarrollo de nuestra especialidad. Su car\u00e1cter multidisciplinar representa la actividad diaria desarrollada en los domicilios de los pacientes.<\/p>\n<p><strong>\u00bfQu\u00e9 retos de futuro se plantea la sociedad?<\/strong><br \/>\nCrear grupos de trabajo en las distintas \u00e1reas de inter\u00e9s de la Hospitalizaci\u00f3n a Domicilio:<\/p>\n<ul>\n<li>Sistemas de informaci\u00f3n<\/li>\n<li>Estrategias de cronicidad<\/li>\n<li>Identificaci\u00f3n y manejo del paciente paliativo<\/li>\n<\/ul>\n<p><strong>\u00bfQu\u00e9 esperan de este congreso?<\/strong><\/p>\n<p>Que responda al inter\u00e9s e inquietudes de los asistentes y la participaci\u00f3n activa en forma de talleres de problemas reales y cotidianos de nuestra pr\u00e1ctica cl\u00ednica en la comunidad.<\/p>\n<p>Gracias Dr. Valdivieso por su tiempo y su testimonio.<\/p>\n","protected":false},"excerpt":{"rendered":"<p>iEl 23 de octubre de 2014 se celebra el Hospital La Fe de Valencia la VI Jornada de la Sociedad Valenciana de Hospital a Domicilio. Un encuentro que cuenta con un amplio programa en donde sus m\u00e1s de 150 asistente podr\u00e1n conocer nuevas t\u00e9cnicas de accesos vasculares ecoguiados, entre otras. Con motivo de ello, hemos entrevistado al Dr. Bernardo Valdivieso, Presidente del Comit\u00e9 Organizador y Director \u00c1rea Atenci\u00f3n Domiciliaria y Telemedicina y Director de Planificaci\u00f3n Hospital La Fe.<\/p>\n","protected":false},"author":4,"featured_media":48187,"comment_status":"open","ping_status":"open","sticky":false,"template":"","format":"standard","meta":{"_acf_changed":false,"_et_pb_use_builder":"","_et_pb_old_content":"","_et_gb_content_width":"","footnotes":""},"categories":[285,286,116],"tags":[],"class_list":["post-4808","post","type-post","status-publish","format-standard","has-post-thumbnail","hentry","category-anestesia-y-cuidados-intensivos","category-neonatologia","category-terapias-intravasculares"],"acf":[],"yoast_head":"<!-- This site is optimized with the Yoast SEO plugin v27.4 - https:\/\/yoast.com\/product\/yoast-seo-wordpress\/ -->\n<title>Entrevista a Dr. Bernardo Valdivieso<\/title>\n<meta name=\"description\" content=\"Entrevista a Dr. Bernardo Valdivieso, Director del \u00c1rea de Atenci\u00f3n Domiciliaria y Telemedicina y Director de Planificaci\u00f3n Hospital La Fe\" \/>\n<meta name=\"robots\" content=\"index, follow, max-snippet:-1, max-image-preview:large, max-video-preview:-1\" \/>\n<link rel=\"canonical\" href=\"https:\/\/campusvygon.com\/es\/entrevista-bernardo-valdivieso\/\" \/>\n<meta property=\"og:locale\" content=\"es_ES\" \/>\n<meta property=\"og:type\" content=\"article\" \/>\n<meta property=\"og:title\" content=\"Entrevista a Dr. Bernardo Valdivieso\" \/>\n<meta property=\"og:description\" content=\"Entrevista a Dr. Bernardo Valdivieso, Director del \u00c1rea de Atenci\u00f3n Domiciliaria y Telemedicina y Director de Planificaci\u00f3n Hospital La Fe\" \/>\n<meta property=\"og:url\" content=\"https:\/\/campusvygon.com\/es\/entrevista-bernardo-valdivieso\/\" \/>\n<meta property=\"og:site_name\" content=\"Campus Vygon Espa\u00f1a\" \/>\n<meta property=\"article:author\" content=\"Array\" \/>\n<meta property=\"article:published_time\" content=\"2014-10-23T11:33:09+00:00\" \/>\n<meta property=\"article:modified_time\" content=\"2025-09-30T12:15:34+00:00\" \/>\n<meta property=\"og:image\" content=\"https:\/\/campusvygon.com\/es\/wp-content\/uploads\/sites\/7\/2025\/09\/doctor-valdivieso.webp\" \/>\n\t<meta property=\"og:image:width\" content=\"474\" \/>\n\t<meta property=\"og:image:height\" content=\"267\" \/>\n\t<meta property=\"og:image:type\" content=\"image\/webp\" \/>\n<meta name=\"author\" content=\"Campus Vygon\" \/>\n<meta name=\"twitter:card\" content=\"summary_large_image\" \/>\n<meta name=\"twitter:creator\" content=\"@https:\/\/twitter.com\/vygon_es\" \/>\n<meta name=\"twitter:label1\" content=\"Escrito por\" \/>\n\t<meta name=\"twitter:data1\" content=\"Campus Vygon\" \/>\n\t<meta name=\"twitter:label2\" content=\"Tiempo de lectura\" \/>\n\t<meta name=\"twitter:data2\" content=\"2 minutos\" \/>\n<script type=\"application\/ld+json\" class=\"yoast-schema-graph\">{\"@context\":\"https:\\\/\\\/schema.org\",\"@graph\":[{\"@type\":\"Article\",\"@id\":\"https:\\\/\\\/campusvygon.com\\\/es\\\/entrevista-bernardo-valdivieso\\\/#article\",\"isPartOf\":{\"@id\":\"https:\\\/\\\/campusvygon.com\\\/es\\\/entrevista-bernardo-valdivieso\\\/\"},\"author\":{\"name\":\"Campus Vygon\",\"@id\":\"https:\\\/\\\/campusvygon.com\\\/es\\\/#\\\/schema\\\/person\\\/75f06ca9d47ad2da0ff801057b0588fe\"},\"headline\":\"Entrevista a Dr. Bernardo Valdivieso, Director del \u00c1rea de Atenci\u00f3n Domiciliaria y Telemedicina y Director de Planificaci\u00f3n Hospital La Fe\",\"datePublished\":\"2014-10-23T11:33:09+00:00\",\"dateModified\":\"2025-09-30T12:15:34+00:00\",\"mainEntityOfPage\":{\"@id\":\"https:\\\/\\\/campusvygon.com\\\/es\\\/entrevista-bernardo-valdivieso\\\/\"},\"wordCount\":400,\"commentCount\":1,\"image\":{\"@id\":\"https:\\\/\\\/campusvygon.com\\\/es\\\/entrevista-bernardo-valdivieso\\\/#primaryimage\"},\"thumbnailUrl\":\"https:\\\/\\\/campusvygon.com\\\/es\\\/wp-content\\\/uploads\\\/sites\\\/7\\\/2025\\\/09\\\/doctor-valdivieso.webp\",\"articleSection\":[\"Anestesia y Cuidados Intensivos\",\"Neonatolog\u00eda\",\"Terapias Intravasculares\"],\"inLanguage\":\"es\",\"potentialAction\":[{\"@type\":\"CommentAction\",\"name\":\"Comment\",\"target\":[\"https:\\\/\\\/campusvygon.com\\\/es\\\/entrevista-bernardo-valdivieso\\\/#respond\"]}]},{\"@type\":\"WebPage\",\"@id\":\"https:\\\/\\\/campusvygon.com\\\/es\\\/entrevista-bernardo-valdivieso\\\/\",\"url\":\"https:\\\/\\\/campusvygon.com\\\/es\\\/entrevista-bernardo-valdivieso\\\/\",\"name\":\"Entrevista a Dr. Bernardo Valdivieso\",\"isPartOf\":{\"@id\":\"https:\\\/\\\/campusvygon.com\\\/es\\\/#website\"},\"primaryImageOfPage\":{\"@id\":\"https:\\\/\\\/campusvygon.com\\\/es\\\/entrevista-bernardo-valdivieso\\\/#primaryimage\"},\"image\":{\"@id\":\"https:\\\/\\\/campusvygon.com\\\/es\\\/entrevista-bernardo-valdivieso\\\/#primaryimage\"},\"thumbnailUrl\":\"https:\\\/\\\/campusvygon.com\\\/es\\\/wp-content\\\/uploads\\\/sites\\\/7\\\/2025\\\/09\\\/doctor-valdivieso.webp\",\"datePublished\":\"2014-10-23T11:33:09+00:00\",\"dateModified\":\"2025-09-30T12:15:34+00:00\",\"author\":{\"@id\":\"https:\\\/\\\/campusvygon.com\\\/es\\\/#\\\/schema\\\/person\\\/75f06ca9d47ad2da0ff801057b0588fe\"},\"description\":\"Entrevista a Dr. Bernardo Valdivieso, Director del \u00c1rea de Atenci\u00f3n Domiciliaria y Telemedicina y Director de Planificaci\u00f3n Hospital La Fe\",\"breadcrumb\":{\"@id\":\"https:\\\/\\\/campusvygon.com\\\/es\\\/entrevista-bernardo-valdivieso\\\/#breadcrumb\"},\"inLanguage\":\"es\",\"potentialAction\":[{\"@type\":\"ReadAction\",\"target\":[\"https:\\\/\\\/campusvygon.com\\\/es\\\/entrevista-bernardo-valdivieso\\\/\"]}]},{\"@type\":\"ImageObject\",\"inLanguage\":\"es\",\"@id\":\"https:\\\/\\\/campusvygon.com\\\/es\\\/entrevista-bernardo-valdivieso\\\/#primaryimage\",\"url\":\"https:\\\/\\\/campusvygon.com\\\/es\\\/wp-content\\\/uploads\\\/sites\\\/7\\\/2025\\\/09\\\/doctor-valdivieso.webp\",\"contentUrl\":\"https:\\\/\\\/campusvygon.com\\\/es\\\/wp-content\\\/uploads\\\/sites\\\/7\\\/2025\\\/09\\\/doctor-valdivieso.webp\",\"width\":474,\"height\":267},{\"@type\":\"BreadcrumbList\",\"@id\":\"https:\\\/\\\/campusvygon.com\\\/es\\\/entrevista-bernardo-valdivieso\\\/#breadcrumb\",\"itemListElement\":[{\"@type\":\"ListItem\",\"position\":1,\"name\":\"Portada\",\"item\":\"https:\\\/\\\/campusvygon.com\\\/es\\\/\"},{\"@type\":\"ListItem\",\"position\":2,\"name\":\"Entrevista a Dr. Bernardo Valdivieso, Director del \u00c1rea de Atenci\u00f3n Domiciliaria y Telemedicina y Director de Planificaci\u00f3n Hospital La Fe\"}]},{\"@type\":\"WebSite\",\"@id\":\"https:\\\/\\\/campusvygon.com\\\/es\\\/#website\",\"url\":\"https:\\\/\\\/campusvygon.com\\\/es\\\/\",\"name\":\"Campus Vygon Espa\u00f1a\",\"description\":\"Un espacio para aprender sobre procedimientos y t\u00e9cnicas sanitarias de la mano de profesionales de referencia.\",\"potentialAction\":[{\"@type\":\"SearchAction\",\"target\":{\"@type\":\"EntryPoint\",\"urlTemplate\":\"https:\\\/\\\/campusvygon.com\\\/es\\\/?s={search_term_string}\"},\"query-input\":{\"@type\":\"PropertyValueSpecification\",\"valueRequired\":true,\"valueName\":\"search_term_string\"}}],\"inLanguage\":\"es\"},{\"@type\":\"Person\",\"@id\":\"https:\\\/\\\/campusvygon.com\\\/es\\\/#\\\/schema\\\/person\\\/75f06ca9d47ad2da0ff801057b0588fe\",\"name\":\"Campus Vygon\",\"image\":{\"@type\":\"ImageObject\",\"inLanguage\":\"es\",\"@id\":\"https:\\\/\\\/campusvygon.com\\\/es\\\/wp-content\\\/uploads\\\/sites\\\/7\\\/2016\\\/02\\\/cropped-Vygon-Value-Life-150x150.jpg\",\"url\":\"https:\\\/\\\/campusvygon.com\\\/es\\\/wp-content\\\/uploads\\\/sites\\\/7\\\/2016\\\/02\\\/cropped-Vygon-Value-Life-150x150.jpg\",\"contentUrl\":\"https:\\\/\\\/campusvygon.com\\\/es\\\/wp-content\\\/uploads\\\/sites\\\/7\\\/2016\\\/02\\\/cropped-Vygon-Value-Life-150x150.jpg\",\"caption\":\"Campus Vygon\"},\"description\":\"A place to learn about\u00a0health procedures\u00a0and techniques from\u00a0leading professionals.\",\"sameAs\":[\"https:\\\/\\\/www.vygon.es\\\/\",\"Array\",\"https:\\\/\\\/www.instagram.com\\\/vygonespana\\\/\",\"https:\\\/\\\/www.linkedin.com\\\/company\\\/vygon-espaa\",\"https:\\\/\\\/x.com\\\/https:\\\/\\\/twitter.com\\\/vygon_es\",\"https:\\\/\\\/www.youtube.com\\\/user\\\/VygonSpain\"],\"url\":\"https:\\\/\\\/campusvygon.com\\\/es\\\/author\\\/vygon\\\/\"}]}<\/script>\n<!-- \/ Yoast SEO plugin. -->","yoast_head_json":{"title":"Entrevista a Dr. Bernardo Valdivieso","description":"Entrevista a Dr. Bernardo Valdivieso, Director del \u00c1rea de Atenci\u00f3n Domiciliaria y Telemedicina y Director de Planificaci\u00f3n Hospital La Fe","robots":{"index":"index","follow":"follow","max-snippet":"max-snippet:-1","max-image-preview":"max-image-preview:large","max-video-preview":"max-video-preview:-1"},"canonical":"https:\/\/campusvygon.com\/es\/entrevista-bernardo-valdivieso\/","og_locale":"es_ES","og_type":"article","og_title":"Entrevista a Dr. Bernardo Valdivieso","og_description":"Entrevista a Dr. Bernardo Valdivieso, Director del \u00c1rea de Atenci\u00f3n Domiciliaria y Telemedicina y Director de Planificaci\u00f3n Hospital La Fe","og_url":"https:\/\/campusvygon.com\/es\/entrevista-bernardo-valdivieso\/","og_site_name":"Campus Vygon Espa\u00f1a","article_author":"Array","article_published_time":"2014-10-23T11:33:09+00:00","article_modified_time":"2025-09-30T12:15:34+00:00","og_image":[{"width":474,"height":267,"url":"https:\/\/campusvygon.com\/es\/wp-content\/uploads\/sites\/7\/2025\/09\/doctor-valdivieso.webp","type":"image\/webp"}],"author":"Campus Vygon","twitter_card":"summary_large_image","twitter_creator":"@https:\/\/twitter.com\/vygon_es","twitter_misc":{"Escrito por":"Campus Vygon","Tiempo de lectura":"2 minutos"},"schema":{"@context":"https:\/\/schema.org","@graph":[{"@type":"Article","@id":"https:\/\/campusvygon.com\/es\/entrevista-bernardo-valdivieso\/#article","isPartOf":{"@id":"https:\/\/campusvygon.com\/es\/entrevista-bernardo-valdivieso\/"},"author":{"name":"Campus Vygon","@id":"https:\/\/campusvygon.com\/es\/#\/schema\/person\/75f06ca9d47ad2da0ff801057b0588fe"},"headline":"Entrevista a Dr. Bernardo Valdivieso, Director del \u00c1rea de Atenci\u00f3n Domiciliaria y Telemedicina y Director de Planificaci\u00f3n Hospital La Fe","datePublished":"2014-10-23T11:33:09+00:00","dateModified":"2025-09-30T12:15:34+00:00","mainEntityOfPage":{"@id":"https:\/\/campusvygon.com\/es\/entrevista-bernardo-valdivieso\/"},"wordCount":400,"commentCount":1,"image":{"@id":"https:\/\/campusvygon.com\/es\/entrevista-bernardo-valdivieso\/#primaryimage"},"thumbnailUrl":"https:\/\/campusvygon.com\/es\/wp-content\/uploads\/sites\/7\/2025\/09\/doctor-valdivieso.webp","articleSection":["Anestesia y Cuidados Intensivos","Neonatolog\u00eda","Terapias Intravasculares"],"inLanguage":"es","potentialAction":[{"@type":"CommentAction","name":"Comment","target":["https:\/\/campusvygon.com\/es\/entrevista-bernardo-valdivieso\/#respond"]}]},{"@type":"WebPage","@id":"https:\/\/campusvygon.com\/es\/entrevista-bernardo-valdivieso\/","url":"https:\/\/campusvygon.com\/es\/entrevista-bernardo-valdivieso\/","name":"Entrevista a Dr. Bernardo Valdivieso","isPartOf":{"@id":"https:\/\/campusvygon.com\/es\/#website"},"primaryImageOfPage":{"@id":"https:\/\/campusvygon.com\/es\/entrevista-bernardo-valdivieso\/#primaryimage"},"image":{"@id":"https:\/\/campusvygon.com\/es\/entrevista-bernardo-valdivieso\/#primaryimage"},"thumbnailUrl":"https:\/\/campusvygon.com\/es\/wp-content\/uploads\/sites\/7\/2025\/09\/doctor-valdivieso.webp","datePublished":"2014-10-23T11:33:09+00:00","dateModified":"2025-09-30T12:15:34+00:00","author":{"@id":"https:\/\/campusvygon.com\/es\/#\/schema\/person\/75f06ca9d47ad2da0ff801057b0588fe"},"description":"Entrevista a Dr. Bernardo Valdivieso, Director del \u00c1rea de Atenci\u00f3n Domiciliaria y Telemedicina y Director de Planificaci\u00f3n Hospital La Fe","breadcrumb":{"@id":"https:\/\/campusvygon.com\/es\/entrevista-bernardo-valdivieso\/#breadcrumb"},"inLanguage":"es","potentialAction":[{"@type":"ReadAction","target":["https:\/\/campusvygon.com\/es\/entrevista-bernardo-valdivieso\/"]}]},{"@type":"ImageObject","inLanguage":"es","@id":"https:\/\/campusvygon.com\/es\/entrevista-bernardo-valdivieso\/#primaryimage","url":"https:\/\/campusvygon.com\/es\/wp-content\/uploads\/sites\/7\/2025\/09\/doctor-valdivieso.webp","contentUrl":"https:\/\/campusvygon.com\/es\/wp-content\/uploads\/sites\/7\/2025\/09\/doctor-valdivieso.webp","width":474,"height":267},{"@type":"BreadcrumbList","@id":"https:\/\/campusvygon.com\/es\/entrevista-bernardo-valdivieso\/#breadcrumb","itemListElement":[{"@type":"ListItem","position":1,"name":"Portada","item":"https:\/\/campusvygon.com\/es\/"},{"@type":"ListItem","position":2,"name":"Entrevista a Dr. Bernardo Valdivieso, Director del \u00c1rea de Atenci\u00f3n Domiciliaria y Telemedicina y Director de Planificaci\u00f3n Hospital La Fe"}]},{"@type":"WebSite","@id":"https:\/\/campusvygon.com\/es\/#website","url":"https:\/\/campusvygon.com\/es\/","name":"Campus Vygon Espa\u00f1a","description":"Un espacio para aprender sobre procedimientos y t\u00e9cnicas sanitarias de la mano de profesionales de referencia.","potentialAction":[{"@type":"SearchAction","target":{"@type":"EntryPoint","urlTemplate":"https:\/\/campusvygon.com\/es\/?s={search_term_string}"},"query-input":{"@type":"PropertyValueSpecification","valueRequired":true,"valueName":"search_term_string"}}],"inLanguage":"es"},{"@type":"Person","@id":"https:\/\/campusvygon.com\/es\/#\/schema\/person\/75f06ca9d47ad2da0ff801057b0588fe","name":"Campus Vygon","image":{"@type":"ImageObject","inLanguage":"es","@id":"https:\/\/campusvygon.com\/es\/wp-content\/uploads\/sites\/7\/2016\/02\/cropped-Vygon-Value-Life-150x150.jpg","url":"https:\/\/campusvygon.com\/es\/wp-content\/uploads\/sites\/7\/2016\/02\/cropped-Vygon-Value-Life-150x150.jpg","contentUrl":"https:\/\/campusvygon.com\/es\/wp-content\/uploads\/sites\/7\/2016\/02\/cropped-Vygon-Value-Life-150x150.jpg","caption":"Campus Vygon"},"description":"A place to learn about\u00a0health procedures\u00a0and techniques from\u00a0leading professionals.","sameAs":["https:\/\/www.vygon.es\/","Array","https:\/\/www.instagram.com\/vygonespana\/","https:\/\/www.linkedin.com\/company\/vygon-espaa","https:\/\/x.com\/https:\/\/twitter.com\/vygon_es","https:\/\/www.youtube.com\/user\/VygonSpain"],"url":"https:\/\/campusvygon.com\/es\/author\/vygon\/"}]}},"_links":{"self":[{"href":"https:\/\/campusvygon.com\/es\/wp-json\/wp\/v2\/posts\/4808","targetHints":{"allow":["GET"]}}],"collection":[{"href":"https:\/\/campusvygon.com\/es\/wp-json\/wp\/v2\/posts"}],"about":[{"href":"https:\/\/campusvygon.com\/es\/wp-json\/wp\/v2\/types\/post"}],"author":[{"embeddable":true,"href":"https:\/\/campusvygon.com\/es\/wp-json\/wp\/v2\/users\/4"}],"replies":[{"embeddable":true,"href":"https:\/\/campusvygon.com\/es\/wp-json\/wp\/v2\/comments?post=4808"}],"version-history":[{"count":4,"href":"https:\/\/campusvygon.com\/es\/wp-json\/wp\/v2\/posts\/4808\/revisions"}],"predecessor-version":[{"id":45800,"href":"https:\/\/campusvygon.com\/es\/wp-json\/wp\/v2\/posts\/4808\/revisions\/45800"}],"wp:featuredmedia":[{"embeddable":true,"href":"https:\/\/campusvygon.com\/es\/wp-json\/wp\/v2\/media\/48187"}],"wp:attachment":[{"href":"https:\/\/campusvygon.com\/es\/wp-json\/wp\/v2\/media?parent=4808"}],"wp:term":[{"taxonomy":"category","embeddable":true,"href":"https:\/\/campusvygon.com\/es\/wp-json\/wp\/v2\/categories?post=4808"},{"taxonomy":"post_tag","embeddable":true,"href":"https:\/\/campusvygon.com\/es\/wp-json\/wp\/v2\/tags?post=4808"}],"curies":[{"name":"wp","href":"https:\/\/api.w.org\/{rel}","templated":true}]}}