{"id":50596,"date":"2026-04-30T10:26:00","date_gmt":"2026-04-30T08:26:00","guid":{"rendered":"https:\/\/campusvygon.com\/es\/?p=50596"},"modified":"2026-04-30T10:26:07","modified_gmt":"2026-04-30T08:26:07","slug":"dia-internacional-de-la-enfermeria","status":"publish","type":"post","link":"https:\/\/campusvygon.com\/es\/dia-internacional-de-la-enfermeria\/","title":{"rendered":"\u201cCuidar, escuchar y apoyar\u201d: celebramos el D\u00eda Internacional de la Enfermer\u00eda"},"content":{"rendered":"\n<h3 class=\"wp-block-heading\"><strong>\u00bfQu\u00e9 es el D\u00eda Internacional de la Enfermer\u00eda y por qu\u00e9 se celebra el 12 de mayo?<\/strong><\/h3>\n\n\n\n<p>El D\u00eda Internacional de la Enfermer\u00eda es una celebraci\u00f3n mundial que tiene lugar cada a\u00f1o el 12 de mayo para reconocer el papel esencial que desempe\u00f1an las enfermeras en los sistemas de salud de todo el mundo. La fecha conmemora el nacimiento de Florence Nightingale, fundadora de la enfermer\u00eda moderna, y destaca las contribuciones de las enfermeras a la atenci\u00f3n al paciente, la prevenci\u00f3n y la salud p\u00fablica. (1)(3)<\/p>\n\n\n\n<p>El D\u00eda Internacional de la Enfermer\u00eda es tanto una conmemoraci\u00f3n hist\u00f3rica como un llamamiento para reconocer a las enfermeras como la columna vertebral de los sistemas de salud.<\/p>\n\n\n\n<h3 class=\"wp-block-heading\"><strong>\u00bfPor qu\u00e9 es Florence Nightingale una figura central del D\u00eda Internacional de la Enfermer\u00eda?<\/strong><\/h3>\n\n\n\n<p>Florence Nightingale es considerada la fundadora de la enfermer\u00eda moderna debido a su labor pionera durante la Guerra de Crimea y a su papel en el establecimiento de una formaci\u00f3n oficial en enfermer\u00eda basada en principios cient\u00edficos. Sus reformas redujeron dr\u00e1sticamente la mortalidad y transformaron la enfermer\u00eda en una profesi\u00f3n respetada. (1)<\/p>\n\n\n\n<h4 class=\"wp-block-heading\"><strong>\u00bfQu\u00e9 cambi\u00f3 Florence Nightingale en la asistencia sanitaria?<\/strong><\/h4>\n\n\n\n<ul class=\"wp-block-list\">\n<li>Introdujo <strong>normas de higiene estrictas<\/strong><\/li>\n\n\n\n<li>Mejor\u00f3 <strong>la ventilaci\u00f3n y la organizaci\u00f3n de los hospitales<\/strong><\/li>\n\n\n\n<li><strong>Redujo <\/strong><strong>la mortalidad relacionada con las infecciones <\/strong>durante la Guerra de Crimea<\/li>\n\n\n\n<li>Fund\u00f3 la <strong>Escuela de Enfermer\u00eda Nightingale <\/strong>en Londres en 1860 (1)<\/li>\n<\/ul>\n\n\n\n<h4 class=\"wp-block-heading\"><strong>\u00bfC\u00f3mo se honra hoy su legado?<\/strong><\/h4>\n\n\n\n<ul class=\"wp-block-list\">\n<li>El D\u00eda Internacional de la Enfermer\u00eda se celebra en todo el mundo el d\u00eda de su cumplea\u00f1os<\/li>\n\n\n\n<li>En el Reino Unido, se celebra una ceremonia anual en <strong>la Abad\u00eda de Westminster<\/strong><\/li>\n\n\n\n<li>Muchos pa\u00edses integran este d\u00eda en <strong>la Semana Nacional de la Enfermer\u00eda <\/strong>(1)<\/li>\n<\/ul>\n\n\n\n<h4 class=\"wp-block-heading\"><strong>\u00bfQu\u00e9 papel desempe\u00f1an las enfermeras en los sistemas sanitarios actuales?<\/strong><\/h4>\n\n\n\n<p>Las enfermeras son profesionales sanitarios esenciales que acompa\u00f1an a los pacientes a lo largo de todo su proceso de atenci\u00f3n, desde el ingreso hasta la recuperaci\u00f3n o los cuidados paliativos. Combinan su experiencia cl\u00ednica con el apoyo emocional, garantizando la continuidad de la atenci\u00f3n, la seguridad del paciente y su defensa en todos los entornos sanitarios. (3)<\/p>\n\n\n\n<h4 class=\"wp-block-heading\"><strong>\u00bfC\u00f3mo influyen las enfermeras en la calidad de la atenci\u00f3n y el bienestar de los pacientes?<\/strong><\/h4>\n\n\n\n<ul class=\"wp-block-list\">\n<li>Administran tratamientos y medicamentos<\/li>\n\n\n\n<li>Supervisan los signos vitales y la evoluci\u00f3n cl\u00ednica<\/li>\n\n\n\n<li>Coordinan la atenci\u00f3n con los m\u00e9dicos y los equipos sanitarios<\/li>\n\n\n\n<li>Proporcionan apoyo emocional y defienden los intereses de los pacientes (3)<\/li>\n<\/ul>\n\n\n\n<h4 class=\"wp-block-heading\"><strong>\u00bfQu\u00e9 muestran los datos sobre la presencia de las enfermeras en la atenci\u00f3n sanitaria?<\/strong><\/h4>\n\n\n\n<ul class=\"wp-block-list\">\n<li>Las enfermeras representan <strong>el 59 % del personal sanitario mundial<\/strong><\/li>\n\n\n\n<li>En las unidades de cuidados intensivos, los pacientes pasan <strong>entre el 86 % y el 88 % de su tiempo <\/strong>con el personal de enfermer\u00eda<\/li>\n\n\n\n<li>La enfermer\u00eda es el <strong>grupo profesional m\u00e1s numeroso <\/strong>del sector sanitario en todo el mundo (3)(4)<br>La calidad de la atenci\u00f3n sanitaria y los resultados de los pacientes son inseparables de la presencia continua y la experiencia de las enfermeras.<\/li>\n<\/ul>\n\n\n\n<h3 class=\"wp-block-heading\"><strong>\u00bfPor qu\u00e9 la empat\u00eda y las habilidades interpersonales son tan importantes como la experiencia t\u00e9cnica?<\/strong><\/h3>\n\n\n\n<p>M\u00e1s all\u00e1 de las competencias cl\u00ednicas, las enfermeras se basan en gran medida en la empat\u00eda, la capacidad de escuchar y la compasi\u00f3n para apoyar a los pacientes y a sus familias en momentos de vulnerabilidad. Estas cualidades humanas generan confianza, reducen la ansiedad y contribuyen a una atenci\u00f3n integral y centrada en las personas. (3)<\/p>\n\n\n\n<p>La Organizaci\u00f3n Mundial de la Salud destaca que combinar <strong>la excelencia cl\u00ednica y la atenci\u00f3n relacional <\/strong>es esencial para lograr la cobertura sanitaria universal y mejorar los resultados de salud de la poblaci\u00f3n. (4)(5)<\/p>\n\n\n\n<h3 class=\"wp-block-heading\"><strong>\u00bfC\u00f3mo es la enfermer\u00eda en la vida real? Testimonio de una enfermera de atenci\u00f3n domiciliaria<\/strong><\/h3>\n\n\n\n<p><strong>\u00bfQui\u00e9n es Elise Delaplace?<\/strong><\/p>\n\n\n\n<p>Elise Delaplace es una enfermera de atenci\u00f3n domiciliaria con<strong> 19 a\u00f1os de experiencia profesional<\/strong>, que incluye oncolog\u00eda pedi\u00e1trica, hematolog\u00eda y pr\u00e1ctica independiente a domicilio.<\/p>\n\n\n\n<p><strong>\u00bfC\u00f3mo define su profesi\u00f3n?<\/strong><\/p>\n\n\n\n<p>Elise define la enfermer\u00eda a trav\u00e9s de tres acciones esenciales:<\/p>\n\n\n\n<blockquote class=\"wp-block-quote is-layout-flow wp-block-quote-is-layout-flow\">\n<p><em>\u201cCuidar, escuchar y apoyar\u201d<\/em><\/p>\n<\/blockquote>\n\n\n\n<p>Su orgullo profesional reside en mantener unos altos est\u00e1ndares de atenci\u00f3n a pesar de las pesadas cargas de trabajo y la tensi\u00f3n mental:<\/p>\n\n\n\n<blockquote class=\"wp-block-quote is-layout-flow wp-block-quote-is-layout-flow\">\n<p><em>\u201cMi mayor orgullo profesional es poder seguir <strong>prestando una atenci\u00f3n de alta calidad <\/strong>con profesionalidad, <strong>empat\u00eda, capacidad de escucha y apoyo<\/strong>, a pesar de la gran carga de trabajo y la considerable presi\u00f3n psicol\u00f3gica\u201d.<\/em><\/p>\n<\/blockquote>\n\n\n\n<p>Destaca que, incluso tras muchos a\u00f1os de ejercicio, la dimensi\u00f3n humana de la atenci\u00f3n sigue siendo fundamental:<\/p>\n\n\n\n<blockquote class=\"wp-block-quote is-layout-flow wp-block-quote-is-layout-flow\">\n<p><em>\u201cSigo esforz\u00e1ndome cada d\u00eda por dar <strong>lo mejor de m\u00ed misma <\/strong>a las personas a las que cuido\u201d.<\/em><\/p>\n<\/blockquote>\n\n\n\n<p>Tambi\u00e9n habla abiertamente sobre la realidad del agotamiento profesional en su \u00e1mbito y su propia experiencia personal:<\/p>\n\n\n\n<blockquote class=\"wp-block-quote is-layout-flow wp-block-quote-is-layout-flow\">\n<p><em>\u201cS\u00ed, <strong>he sufrido agotamiento muchas veces<\/strong>. Incluso lo sufr\u00ed hace unos a\u00f1os. No hab\u00eda logrado encontrar un equilibrio entre mi vida profesional y mi vida personal\u201d.<\/em><\/p>\n<\/blockquote>\n\n\n\n<p><strong>\u00bfPor qu\u00e9 elegir la enfermer\u00eda a domicilio?<\/strong><\/p>\n\n\n\n<p>Para Elise, la enfermer\u00eda a domicilio le permite ejercer la profesi\u00f3n tal y como ella realmente la concibe:<\/p>\n\n\n\n<blockquote class=\"wp-block-quote is-layout-flow wp-block-quote-is-layout-flow\">\n<p><em>\u201cDecid\u00ed trabajar por mi cuenta porque necesitaba y quer\u00eda cuidar a los pacientes tal y como siempre hab\u00eda imaginado, <strong>dedicando a cada persona el tiempo que yo quisiera<\/strong>\u201d.<\/em><\/p>\n<\/blockquote>\n\n\n\n<p>Contrasta la asistencia a domicilio con los entornos institucionales, donde las limitaciones de tiempo y de personal a menudo restringen la atenci\u00f3n relacional:<\/p>\n\n\n\n<blockquote class=\"wp-block-quote is-layout-flow wp-block-quote-is-layout-flow\">\n<p><em>\u201cEn los centros sanitarios, la <strong>falta de tiempo, la escasez de personal, la presi\u00f3n de la jerarqu\u00eda y los marcos r\u00edgidos <\/strong>pueden hacer que los cuidadores trabajen como robots, centr\u00e1ndose en las tareas y olvidando a la persona que hay detr\u00e1s de los cuidados\u201d.<\/em><\/p>\n<\/blockquote>\n\n\n\n<p>Trabajar en los hogares de los pacientes restaura, en su opini\u00f3n, la esencia de la enfermer\u00eda:<\/p>\n\n\n\n<blockquote class=\"wp-block-quote is-layout-flow wp-block-quote-is-layout-flow\">\n<p><em>\u201cEn casa, tenemos m\u00e1s <strong>flexibilidad <\/strong>y podemos cuidar de verdad al ser humano\u201d.<\/em><\/p>\n<\/blockquote>\n\n\n\n<p>El testimonio de Elise destaca la enfermer\u00eda como una <strong>profesi\u00f3n <\/strong>tanto <strong>t\u00e9cnica como una vocaci\u00f3n profundamente humana<\/strong>, en la que la escucha, la presencia y la atenci\u00f3n individualizada son tan esenciales como la experiencia cl\u00ednica.<\/p>\n\n\n\n<h3 class=\"wp-block-heading\"><strong>\u00bfCu\u00e1les son los principales riesgos laborales a los que se enfrentan hoy en d\u00eda las enfermeras?<\/strong><\/h3>\n\n\n\n<p>Las enfermeras est\u00e1n expuestas a riesgos profesionales significativos, en particular a <strong>las lesiones por pinchazos con agujas <\/strong>y a las enfermedades transmisibles, que siguen siendo peligros comunes y evitables en los entornos sanitarios. (10)<\/p>\n\n\n\n<p><strong>\u00bfQu\u00e9 son las lesiones por pinchazos con agujas y qu\u00e9 tan comunes son?<\/strong><\/p>\n\n\n\n<ul class=\"wp-block-list\">\n<li><strong>4 millones de trabajadores sanitarios <\/strong>afectados cada a\u00f1o en todo el mundo<\/li>\n\n\n\n<li>A menudo implican <strong>agujas contaminadas<\/strong><\/li>\n\n\n\n<li>Coste medio por lesi\u00f3n en EE. UU.:<strong> 3750 d\u00f3lares<\/strong><\/li>\n\n\n\n<li>Incluye pruebas, profilaxis y atenci\u00f3n de seguimiento (10)<\/li>\n<\/ul>\n\n\n\n<p><strong>\u00bfQu\u00e9 infecciones se asocian a las lesiones por pinchazos con agujas?<\/strong><\/p>\n\n\n\n<figure class=\"wp-block-table\"><table class=\"has-fixed-layout\"><tbody><tr><td><strong>Pat\u00f3geno<\/strong><\/td><td><strong>Riesgo estimado de transmisi\u00f3n<\/strong><\/td><\/tr><tr><td>VIH<\/td><td>0,3 %<\/td><\/tr><tr><td>Hepatitis B<\/td><td>6-30 % (sin vacunaci\u00f3n)<\/td><\/tr><tr><td>Hepatitis C<\/td><td>1,8 %<\/td><\/tr><\/tbody><\/table><\/figure>\n\n\n\n<p>(10)<\/p>\n\n\n\n<h3 class=\"wp-block-heading\"><strong>\u00bfQu\u00e9 gravedad tiene la violencia laboral contra el personal de enfermer\u00eda?<\/strong><\/h3>\n\n\n\n<p>La violencia en el lugar de trabajo se ha convertido en un problema cr\u00edtico en el sector sanitario, que afecta tanto a las enfermeras de los hospitales como a las que prestan asistencia a domicilio. (11)(12)<\/p>\n\n\n\n<ul class=\"wp-block-list\">\n<li><strong>El 82 % <\/strong>de las enfermeras sufri\u00f3 violencia en el lugar de trabajo en 2023<\/li>\n\n\n\n<li><strong>68 % <\/strong>amenazas verbales<\/li>\n\n\n\n<li><strong>Entre el 33 % y el 39 % sufri\u00f3 <\/strong>agresiones f\u00edsicas<\/li>\n\n\n\n<li><strong>El 37 % <\/strong>consider\u00f3 dejar la profesi\u00f3n<\/li>\n\n\n\n<li><strong>El 20 % <\/strong>cambi\u00f3 de trabajo o abandon\u00f3 el sector sanitario (11)(12)<\/li>\n<\/ul>\n\n\n\n<p>La violencia amenaza directamente la retenci\u00f3n del personal de enfermer\u00eda, la salud mental y la estabilidad del sistema.<\/p>\n\n\n\n<p><strong>\u00bfSe reconoce y se remunera adecuadamente a las enfermeras?<\/strong><\/p>\n\n\n\n<p>A pesar de sus responsabilidades, las enfermeras suelen se\u00f1alar que el reconocimiento y la remuneraci\u00f3n que reciben son insuficientes en comparaci\u00f3n con las exigencias de su funci\u00f3n. (13)(14)<\/p>\n\n\n\n<p><strong>Datos de la Organizaci\u00f3n para la Cooperaci\u00f3n y el Desarrollo Econ\u00f3micos (OCDE)<\/strong><\/p>\n\n\n\n<ul class=\"wp-block-list\">\n<li>En varios pa\u00edses de la OCDE, las enfermeras ganan <strong>menos que el salario medio nacional<\/strong><\/li>\n\n\n\n<li>Las diferencias salariales contribuyen a <strong>la rotaci\u00f3n y la migraci\u00f3n<\/strong><\/li>\n\n\n\n<li>La insatisfacci\u00f3n salarial fomenta la desmotivaci\u00f3n profesional (13)<\/li>\n<\/ul>\n\n\n\n<p><strong>\u00bfQu\u00e9 tipo de reconocimiento es m\u00e1s importante para las enfermeras?<\/strong><\/p>\n\n\n\n<ul class=\"wp-block-list\">\n<li><strong>El salario <\/strong>es la forma de reconocimiento m\u00e1s valorada<\/li>\n\n\n\n<li>Tiene m\u00e1s impacto que los premios o las oportunidades de formaci\u00f3n<\/li>\n\n\n\n<li>Est\u00e1 estrechamente relacionado con la retenci\u00f3n y la satisfacci\u00f3n laboral (14)<\/li>\n<\/ul>\n\n\n\n<h3 class=\"wp-block-heading\"><strong>\u00bfPor qu\u00e9 el agotamiento es una amenaza creciente para el personal de enfermer\u00eda?<\/strong><\/h3>\n\n\n\n<p>La enfermer\u00eda es una de las profesiones m\u00e1s exigentes f\u00edsica y emocionalmente, lo que contribuye a un agotamiento generalizado y a la escasez de personal. (6)(7)(9)<\/p>\n\n\n\n<p><strong>Carga f\u00edsica del trabajo de enfermer\u00eda<\/strong><\/p>\n\n\n\n<ul class=\"wp-block-list\">\n<li><strong>Entre 8000 y 12 000 pasos <\/strong>por turno de 12 horas<\/li>\n\n\n\n<li>Levantamiento, reposicionamiento y respuesta a emergencias frecuentes<\/li>\n\n\n\n<li>Largos periodos de pie en entornos de alta presi\u00f3n (6)<\/li>\n<\/ul>\n\n\n\n<p><strong>\u00bfCu\u00e1les son las cifras de agotamiento?<\/strong><\/p>\n\n\n\n<ul class=\"wp-block-list\">\n<li><strong>El 46 % <\/strong>de los trabajadores sanitarios se sinti\u00f3 \u201ca menudo\u201d agotado en 2022<\/li>\n\n\n\n<li>Un aumento respecto al<strong> 32 % <\/strong>de 2018<\/li>\n\n\n\n<li>Casi <strong>el 40 % de las enfermeras <\/strong>se plantean dejar la profesi\u00f3n en un plazo de 5 a\u00f1os (7)(9)(15)(16)<\/li>\n<\/ul>\n\n\n\n<h3 class=\"wp-block-heading\"><strong>Soluciones que pueden mejorar las condiciones laborales de las enfermeras<\/strong><\/h3>\n\n\n\n<p>Mejorar la seguridad, la retenci\u00f3n y el bienestar de las enfermeras requiere una acci\u00f3n combinada en materia de formaci\u00f3n, tecnolog\u00eda y reconocimiento. (10)(17)<\/p>\n\n\n\n<p><strong>\u00bfQu\u00e9 iniciativas son eficaces?<\/strong><\/p>\n\n\n\n<ul class=\"wp-block-list\">\n<li>Formaci\u00f3n profesional continua<\/li>\n\n\n\n<li>Dispositivos m\u00e9dicos dise\u00f1ados pensando en la seguridad<\/li>\n\n\n\n<li>Pol\u00edticas de remuneraci\u00f3n justas<\/li>\n\n\n\n<li>Programas de reconocimiento estructurados (10)<\/li>\n<\/ul>\n\n\n\n<p><strong>Ejemplo: productos sanitarios m\u00e1s seguros<\/strong><\/p>\n\n\n\n<p>Los dispositivos dise\u00f1ados para la seguridad reducen las lesiones por pinchazos accidentales al eliminar el contacto directo con componentes afilados. <strong>La gama PPS (Polyperf Safe) de Vygon <\/strong>integra un mecanismo antipinchazos que protege completamente las agujas Huber, lo que ayuda a prevenir lesiones durante la extracci\u00f3n sin entrar en contacto con la punta afilada.<\/p>\n\n\n\n<p><strong>\u00bfPor qu\u00e9 el reconocimiento institucional marca una diferencia cuantificable?<\/strong><\/p>\n\n\n\n<p>El reconocimiento significativo est\u00e1 directamente relacionado con una mayor satisfacci\u00f3n laboral, la salud mental y la retenci\u00f3n del personal de enfermer\u00eda. (18)(19)<\/p>\n\n\n\n<p><strong>Caso pr\u00e1ctico: \u201cUna cultura del cuidado\u201d (Cedars-Sinai, EE. UU.)<\/strong><\/p>\n\n\n\n<p>Resultados:<\/p>\n\n\n\n<ul class=\"wp-block-list\">\n<li>Reducci\u00f3n de la rotaci\u00f3n de personal de enfermer\u00eda<\/li>\n\n\n\n<li>Aumento de los \u00edndices de compromiso<\/li>\n\n\n\n<li>Mejora de la moral y el reconocimiento de la cultura (18)<\/li>\n<\/ul>\n\n\n\n<p><strong>Perspectiva europea: \u201cNursing Action\u201d<\/strong><\/p>\n\n\n\n<p>Lanzada por <strong>la OMS\/Europa y la UE<\/strong>, esta iniciativa de 36 meses se centra en:<\/p>\n\n\n\n<ul class=\"wp-block-list\">\n<li>Programas de tutor\u00eda<\/li>\n\n\n\n<li>Estrategias para el bienestar del personal<\/li>\n\n\n\n<li>Pr\u00e1cticas de dotaci\u00f3n de personal seguras<\/li>\n\n\n\n<li>Retenci\u00f3n y atractivo del personal de enfermer\u00eda (17)<\/li>\n<\/ul>\n\n\n\n<h3 class=\"wp-block-heading\"><strong>Por qu\u00e9 el apoyo a las enfermeras es innegociable<\/strong><\/h3>\n\n\n\n<p>Celebrar el D\u00eda Internacional de la Enfermer\u00eda es esencial, no simb\u00f3lico. Las enfermeras son la columna vertebral de los sistemas sanitarios, garantizando la continuidad de la atenci\u00f3n, la seguridad y la humanidad bajo una presi\u00f3n cada vez mayor. La escasez de personal y el agotamiento hacen que el reconocimiento y el apoyo sean m\u00e1s urgentes que nunca. (3)(15)<\/p>\n\n\n\n<ul class=\"wp-block-list\">\n<li><strong>Mejorar las condiciones de trabajo <\/strong>es una prioridad para garantizar la seguridad de los pacientes y la sostenibilidad del personal. (15)<\/li>\n\n\n\n<li><strong>Garantizar una remuneraci\u00f3n justa<\/strong>: una remuneraci\u00f3n justa no es solo una cuesti\u00f3n de justicia econ\u00f3mica, sino tambi\u00e9n una condici\u00f3n para estabilizar la plantilla y garantizar el acceso a una asistencia sanitaria de calidad a largo plazo. (15)<\/li>\n\n\n\n<li><strong>Invertir en seguridad y formaci\u00f3n<\/strong>: la inversi\u00f3n en dispositivos m\u00e9dicos dise\u00f1ados con criterios de seguridad, la formaci\u00f3n profesional continua y el aprendizaje permanente son esenciales para proteger a las enfermeras y mejorar la calidad de la atenci\u00f3n. (3)<\/li>\n\n\n\n<li><strong>Reconocer institucionalmente la experiencia de la enfermer\u00eda<\/strong>: reconocer a las enfermeras como responsables clave de la toma de decisiones dentro de los sistemas de salud refuerza su valor profesional y contribuye a modelos de atenci\u00f3n m\u00e1s resilientes y centrados en las personas (17)<\/li>\n<\/ul>\n\n\n\n<p>Respetar, reconocer y apoyar a las enfermeras y enfermeros es una inversi\u00f3n en la calidad de la atenci\u00f3n sanitaria, la equidad y el futuro de nuestras sociedades, todos los d\u00edas, no solo el 12 de mayo.<\/p>\n\n\n\n<h3 class=\"wp-block-heading\">Bibliograf\u00eda<\/h3>\n\n\n\n<ul class=\"wp-block-list\">\n<li><strong>(1)<\/strong> Rogers, K. (2026). <em>International Nurses Day<\/em>. Encyclopaedia Britannica.<br>https:\/\/www.britannica.com<\/li>\n\n\n\n<li><strong>(2)<\/strong> National Nurses Association. (n.d.). <em>National Nurses Week and the role of nurses<\/em>.<br>https:\/\/www.nursingworld.org<\/li>\n\n\n\n<li><strong>(3)<\/strong> International Council of Nurses. (2021). <em>International Nurses Day: Honouring nurses worldwide<\/em>.<br>https:\/\/www.icn.ch<\/li>\n\n\n\n<li><strong>(4)<\/strong> World Health Organization. (2020). <em>State of the world\u2019s nursing 2020: Investing in education, jobs and leadership<\/em>. WHO.<br>https:\/\/www.who.int\/publications\/i\/item\/9789240003279<\/li>\n\n\n\n<li><strong>(5)<\/strong> World Health Organization. (2020). <em>Support nurses and midwives: World Health Day materials<\/em>. WHO.<br>https:\/\/www.who.int<\/li>\n\n\n\n<li><strong>(6)<\/strong> Healthcare Workforce Insights. (n.d.). <em>How many steps does a nurse take in a shift? Unveiling the truth behind healthcare\u2019s footwork<\/em>.<br>https:\/\/www.healthcareworkforceinsights.com<\/li>\n\n\n\n<li><strong>(7)<\/strong> Centers for Disease Control and Prevention. (2023). <em>Health workers face a mental health crisis: Harassment, burnout, and poor mental health<\/em>. CDC.<br>https:\/\/www.cdc.gov<\/li>\n\n\n\n<li><strong>(8)<\/strong> Centers for Disease Control and Prevention. (2023). <em>Burnout keeps rising for nurses and other healthcare workers<\/em>. CDC.<br>https:\/\/www.cdc.gov<\/li>\n\n\n\n<li><strong>(9)<\/strong> Wickstrom, A. (2023). <em>CDC: Burnout keeps rising for nurses and other healthcare workers<\/em>. NurseJournal.<br>https:\/\/nursejournal.org<\/li>\n\n\n\n<li><strong>(10)<\/strong> Santos, E. (2026). <em>Needlestick injury statistics: Risks, costs, and prevention<\/em>.<br>https:\/\/www.needlestickinjurystatistics.com<\/li>\n\n\n\n<li><strong>(11)<\/strong> National Nurses United. (2024). <em>Overwhelming number of nurses face workplace violence, survey shows<\/em>. MedPage Today.<br>https:\/\/www.medpagetoday.com<\/li>\n\n\n\n<li><strong>(12)<\/strong> Modern Healthcare. (2024). <em>Workplace violence against nurses, in three charts<\/em>.<br>https:\/\/www.modernhealthcare.com<\/li>\n\n\n\n<li><strong>(13)<\/strong> Organisation for Economic Co-operation and Development. (2023). <em>Remuneration of nurses<\/em>. OECD Health Statistics.<br>https:\/\/www.oecd.org\/health<\/li>\n\n\n\n<li><strong>(14)<\/strong> Hehman, M. C., Fontenot, N. M., Ramos, C. D., Muyco, J. D., Hayes, A. E., Meyer, R. E., &amp; Asirifi, K. (2025).<br>Registered nurses and meaningful recognition: Contemporary preferences of a diverse workforce. <em>American Journal of Critical Care, 34<\/em>(5), 335\u2013344.<br>https:\/\/doi.org\/10.4037\/ajcc2025995<\/li>\n\n\n\n<li><strong>(15)<\/strong> World Health Organization. (2025). <em>Nursing workforce grows, but inequities threaten global health goals<\/em>. WHO News Release.<br>https:\/\/www.who.int<\/li>\n\n\n\n<li><strong>(16)<\/strong> National Council of State Boards of Nursing. (2025). <em>Small steps toward nursing workforce recovery: Burnout and staffing challenges persist<\/em>.<br>https:\/\/www.ncsbn.org<\/li>\n\n\n\n<li><strong>(17)<\/strong> World Health Organization Europe. (2025). <em>WHO\/Europe launches EU\u2011funded \u201cNursing Action\u201d project to address nursing shortages in the EU<\/em>.<br>https:\/\/www.who.int\/europe<\/li>\n\n\n\n<li><strong>(18)<\/strong> Cedars\u2011Sinai Medical Center. (2024). <em>A culture of nurture: Transforming nursing through meaningful recognition<\/em>.<br>https:\/\/www.cedars-sinai.org<\/li>\n\n\n\n<li><strong>(19)<\/strong> Alahiane, L., Zaam, Y., Abouqal, R., &amp; Belayachi, J. (2021).<br>Factors associated with recognition at work among nurses and the impact on health\u2011related quality of life, job satisfaction and psychological health. <em>BMJ Open, 11<\/em>(e045673).<br>https:\/\/doi.org\/10.1136\/bmjopen-2020-045673<\/li>\n<\/ul>\n","protected":false},"excerpt":{"rendered":"<p>\u00bfQu\u00e9 es el D\u00eda Internacional de la Enfermer\u00eda y por qu\u00e9 se celebra el 12 de mayo? El D\u00eda Internacional de la Enfermer\u00eda es una celebraci\u00f3n mundial que tiene lugar cada a\u00f1o el 12 de mayo para reconocer el papel esencial que desempe\u00f1an las enfermeras en los sistemas de salud de todo el mundo. La [&hellip;]<\/p>\n","protected":false},"author":4,"featured_media":50597,"comment_status":"open","ping_status":"open","sticky":false,"template":"","format":"standard","meta":{"_acf_changed":false,"_et_pb_use_builder":"","_et_pb_old_content":"","_et_gb_content_width":"","footnotes":""},"categories":[80],"tags":[1082,128],"class_list":["post-50596","post","type-post","status-publish","format-standard","has-post-thumbnail","hentry","category-articulos","tag-dia-mundial-de-la-enfermeria","tag-enfermeria"],"acf":[],"yoast_head":"<!-- This site is optimized with the Yoast SEO plugin v27.4 - https:\/\/yoast.com\/product\/yoast-seo-wordpress\/ -->\n<title>\u201cCuidar, escuchar y apoyar\u201d: celebramos el D\u00eda Internacional de la Enfermer\u00eda - Campus Vygon Espa\u00f1a<\/title>\n<meta name=\"description\" content=\"El D\u00eda Internacional de la Enfermer\u00eda es una celebraci\u00f3n mundial que tiene lugar cada a\u00f1o el 12 de mayo para reconocer el papel esencial que desempe\u00f1an las enfermeras en los sistemas de salud de todo el mundo. La fecha conmemora el nacimiento de Florence Nightingale, fundadora de la enfermer\u00eda moderna, y destaca las contribuciones de las enfermeras a la atenci\u00f3n al paciente, la prevenci\u00f3n y la salud p\u00fablica\" \/>\n<meta name=\"robots\" content=\"index, follow, max-snippet:-1, max-image-preview:large, max-video-preview:-1\" \/>\n<link rel=\"canonical\" href=\"https:\/\/campusvygon.com\/es\/dia-internacional-de-la-enfermeria\/\" \/>\n<meta property=\"og:locale\" content=\"es_ES\" \/>\n<meta property=\"og:type\" content=\"article\" \/>\n<meta property=\"og:title\" content=\"\u201cCuidar, escuchar y apoyar\u201d: celebramos el D\u00eda Internacional de la Enfermer\u00eda - Campus Vygon Espa\u00f1a\" \/>\n<meta property=\"og:description\" content=\"El D\u00eda Internacional de la Enfermer\u00eda es una celebraci\u00f3n mundial que tiene lugar cada a\u00f1o el 12 de mayo para reconocer el papel esencial que desempe\u00f1an las enfermeras en los sistemas de salud de todo el mundo. La fecha conmemora el nacimiento de Florence Nightingale, fundadora de la enfermer\u00eda moderna, y destaca las contribuciones de las enfermeras a la atenci\u00f3n al paciente, la prevenci\u00f3n y la salud p\u00fablica\" \/>\n<meta property=\"og:url\" content=\"https:\/\/campusvygon.com\/es\/dia-internacional-de-la-enfermeria\/\" \/>\n<meta property=\"og:site_name\" content=\"Campus Vygon Espa\u00f1a\" \/>\n<meta property=\"article:author\" content=\"Array\" \/>\n<meta property=\"article:published_time\" content=\"2026-04-30T08:26:00+00:00\" \/>\n<meta property=\"article:modified_time\" content=\"2026-04-30T08:26:07+00:00\" \/>\n<meta property=\"og:image\" content=\"https:\/\/campusvygon.com\/es\/wp-content\/uploads\/sites\/7\/2026\/04\/banner-DI-Enfermeria.jpg\" \/>\n\t<meta property=\"og:image:width\" content=\"600\" \/>\n\t<meta property=\"og:image:height\" content=\"200\" \/>\n\t<meta property=\"og:image:type\" content=\"image\/jpeg\" \/>\n<meta name=\"author\" content=\"Campus Vygon\" \/>\n<meta name=\"twitter:card\" content=\"summary_large_image\" \/>\n<meta name=\"twitter:creator\" content=\"@https:\/\/twitter.com\/vygon_es\" \/>\n<meta name=\"twitter:label1\" content=\"Escrito por\" \/>\n\t<meta name=\"twitter:data1\" content=\"Campus Vygon\" \/>\n\t<meta name=\"twitter:label2\" content=\"Tiempo de lectura\" \/>\n\t<meta name=\"twitter:data2\" content=\"10 minutos\" \/>\n<script type=\"application\/ld+json\" class=\"yoast-schema-graph\">{\"@context\":\"https:\\\/\\\/schema.org\",\"@graph\":[{\"@type\":\"Article\",\"@id\":\"https:\\\/\\\/campusvygon.com\\\/es\\\/dia-internacional-de-la-enfermeria\\\/#article\",\"isPartOf\":{\"@id\":\"https:\\\/\\\/campusvygon.com\\\/es\\\/dia-internacional-de-la-enfermeria\\\/\"},\"author\":{\"name\":\"Campus Vygon\",\"@id\":\"https:\\\/\\\/campusvygon.com\\\/es\\\/#\\\/schema\\\/person\\\/75f06ca9d47ad2da0ff801057b0588fe\"},\"headline\":\"\u201cCuidar, escuchar y apoyar\u201d: celebramos el D\u00eda Internacional de la Enfermer\u00eda\",\"datePublished\":\"2026-04-30T08:26:00+00:00\",\"dateModified\":\"2026-04-30T08:26:07+00:00\",\"mainEntityOfPage\":{\"@id\":\"https:\\\/\\\/campusvygon.com\\\/es\\\/dia-internacional-de-la-enfermeria\\\/\"},\"wordCount\":2450,\"commentCount\":0,\"image\":{\"@id\":\"https:\\\/\\\/campusvygon.com\\\/es\\\/dia-internacional-de-la-enfermeria\\\/#primaryimage\"},\"thumbnailUrl\":\"https:\\\/\\\/campusvygon.com\\\/es\\\/wp-content\\\/uploads\\\/sites\\\/7\\\/2026\\\/04\\\/banner-DI-Enfermeria.jpg\",\"keywords\":[\"d\u00eda mundial de la enfermer\u00eda\",\"enfermer\u00eda\"],\"articleSection\":[\"Art\u00edculos\"],\"inLanguage\":\"es\",\"potentialAction\":[{\"@type\":\"CommentAction\",\"name\":\"Comment\",\"target\":[\"https:\\\/\\\/campusvygon.com\\\/es\\\/dia-internacional-de-la-enfermeria\\\/#respond\"]}]},{\"@type\":\"WebPage\",\"@id\":\"https:\\\/\\\/campusvygon.com\\\/es\\\/dia-internacional-de-la-enfermeria\\\/\",\"url\":\"https:\\\/\\\/campusvygon.com\\\/es\\\/dia-internacional-de-la-enfermeria\\\/\",\"name\":\"\u201cCuidar, escuchar y apoyar\u201d: celebramos el D\u00eda Internacional de la Enfermer\u00eda - Campus Vygon Espa\u00f1a\",\"isPartOf\":{\"@id\":\"https:\\\/\\\/campusvygon.com\\\/es\\\/#website\"},\"primaryImageOfPage\":{\"@id\":\"https:\\\/\\\/campusvygon.com\\\/es\\\/dia-internacional-de-la-enfermeria\\\/#primaryimage\"},\"image\":{\"@id\":\"https:\\\/\\\/campusvygon.com\\\/es\\\/dia-internacional-de-la-enfermeria\\\/#primaryimage\"},\"thumbnailUrl\":\"https:\\\/\\\/campusvygon.com\\\/es\\\/wp-content\\\/uploads\\\/sites\\\/7\\\/2026\\\/04\\\/banner-DI-Enfermeria.jpg\",\"datePublished\":\"2026-04-30T08:26:00+00:00\",\"dateModified\":\"2026-04-30T08:26:07+00:00\",\"author\":{\"@id\":\"https:\\\/\\\/campusvygon.com\\\/es\\\/#\\\/schema\\\/person\\\/75f06ca9d47ad2da0ff801057b0588fe\"},\"description\":\"El D\u00eda Internacional de la Enfermer\u00eda es una celebraci\u00f3n mundial que tiene lugar cada a\u00f1o el 12 de mayo para reconocer el papel esencial que desempe\u00f1an las enfermeras en los sistemas de salud de todo el mundo. La fecha conmemora el nacimiento de Florence Nightingale, fundadora de la enfermer\u00eda moderna, y destaca las contribuciones de las enfermeras a la atenci\u00f3n al paciente, la prevenci\u00f3n y la salud p\u00fablica\",\"breadcrumb\":{\"@id\":\"https:\\\/\\\/campusvygon.com\\\/es\\\/dia-internacional-de-la-enfermeria\\\/#breadcrumb\"},\"inLanguage\":\"es\",\"potentialAction\":[{\"@type\":\"ReadAction\",\"target\":[\"https:\\\/\\\/campusvygon.com\\\/es\\\/dia-internacional-de-la-enfermeria\\\/\"]}]},{\"@type\":\"ImageObject\",\"inLanguage\":\"es\",\"@id\":\"https:\\\/\\\/campusvygon.com\\\/es\\\/dia-internacional-de-la-enfermeria\\\/#primaryimage\",\"url\":\"https:\\\/\\\/campusvygon.com\\\/es\\\/wp-content\\\/uploads\\\/sites\\\/7\\\/2026\\\/04\\\/banner-DI-Enfermeria.jpg\",\"contentUrl\":\"https:\\\/\\\/campusvygon.com\\\/es\\\/wp-content\\\/uploads\\\/sites\\\/7\\\/2026\\\/04\\\/banner-DI-Enfermeria.jpg\",\"width\":600,\"height\":200,\"caption\":\"Enfermer\u00eda\"},{\"@type\":\"BreadcrumbList\",\"@id\":\"https:\\\/\\\/campusvygon.com\\\/es\\\/dia-internacional-de-la-enfermeria\\\/#breadcrumb\",\"itemListElement\":[{\"@type\":\"ListItem\",\"position\":1,\"name\":\"Portada\",\"item\":\"https:\\\/\\\/campusvygon.com\\\/es\\\/\"},{\"@type\":\"ListItem\",\"position\":2,\"name\":\"\u201cCuidar, escuchar y apoyar\u201d: celebramos el D\u00eda Internacional de la Enfermer\u00eda\"}]},{\"@type\":\"WebSite\",\"@id\":\"https:\\\/\\\/campusvygon.com\\\/es\\\/#website\",\"url\":\"https:\\\/\\\/campusvygon.com\\\/es\\\/\",\"name\":\"Campus Vygon Espa\u00f1a\",\"description\":\"Un espacio para aprender sobre procedimientos y t\u00e9cnicas sanitarias de la mano de profesionales de referencia.\",\"potentialAction\":[{\"@type\":\"SearchAction\",\"target\":{\"@type\":\"EntryPoint\",\"urlTemplate\":\"https:\\\/\\\/campusvygon.com\\\/es\\\/?s={search_term_string}\"},\"query-input\":{\"@type\":\"PropertyValueSpecification\",\"valueRequired\":true,\"valueName\":\"search_term_string\"}}],\"inLanguage\":\"es\"},{\"@type\":\"Person\",\"@id\":\"https:\\\/\\\/campusvygon.com\\\/es\\\/#\\\/schema\\\/person\\\/75f06ca9d47ad2da0ff801057b0588fe\",\"name\":\"Campus Vygon\",\"image\":{\"@type\":\"ImageObject\",\"inLanguage\":\"es\",\"@id\":\"https:\\\/\\\/campusvygon.com\\\/es\\\/wp-content\\\/uploads\\\/sites\\\/7\\\/2016\\\/02\\\/cropped-Vygon-Value-Life-150x150.jpg\",\"url\":\"https:\\\/\\\/campusvygon.com\\\/es\\\/wp-content\\\/uploads\\\/sites\\\/7\\\/2016\\\/02\\\/cropped-Vygon-Value-Life-150x150.jpg\",\"contentUrl\":\"https:\\\/\\\/campusvygon.com\\\/es\\\/wp-content\\\/uploads\\\/sites\\\/7\\\/2016\\\/02\\\/cropped-Vygon-Value-Life-150x150.jpg\",\"caption\":\"Campus Vygon\"},\"description\":\"A place to learn about\u00a0health procedures\u00a0and techniques from\u00a0leading professionals.\",\"sameAs\":[\"https:\\\/\\\/www.vygon.es\\\/\",\"Array\",\"https:\\\/\\\/www.instagram.com\\\/vygonespana\\\/\",\"https:\\\/\\\/www.linkedin.com\\\/company\\\/vygon-espaa\",\"https:\\\/\\\/x.com\\\/https:\\\/\\\/twitter.com\\\/vygon_es\",\"https:\\\/\\\/www.youtube.com\\\/user\\\/VygonSpain\"],\"url\":\"https:\\\/\\\/campusvygon.com\\\/es\\\/author\\\/vygon\\\/\"}]}<\/script>\n<!-- \/ Yoast SEO plugin. -->","yoast_head_json":{"title":"\u201cCuidar, escuchar y apoyar\u201d: celebramos el D\u00eda Internacional de la Enfermer\u00eda - Campus Vygon Espa\u00f1a","description":"El D\u00eda Internacional de la Enfermer\u00eda es una celebraci\u00f3n mundial que tiene lugar cada a\u00f1o el 12 de mayo para reconocer el papel esencial que desempe\u00f1an las enfermeras en los sistemas de salud de todo el mundo. La fecha conmemora el nacimiento de Florence Nightingale, fundadora de la enfermer\u00eda moderna, y destaca las contribuciones de las enfermeras a la atenci\u00f3n al paciente, la prevenci\u00f3n y la salud p\u00fablica","robots":{"index":"index","follow":"follow","max-snippet":"max-snippet:-1","max-image-preview":"max-image-preview:large","max-video-preview":"max-video-preview:-1"},"canonical":"https:\/\/campusvygon.com\/es\/dia-internacional-de-la-enfermeria\/","og_locale":"es_ES","og_type":"article","og_title":"\u201cCuidar, escuchar y apoyar\u201d: celebramos el D\u00eda Internacional de la Enfermer\u00eda - Campus Vygon Espa\u00f1a","og_description":"El D\u00eda Internacional de la Enfermer\u00eda es una celebraci\u00f3n mundial que tiene lugar cada a\u00f1o el 12 de mayo para reconocer el papel esencial que desempe\u00f1an las enfermeras en los sistemas de salud de todo el mundo. La fecha conmemora el nacimiento de Florence Nightingale, fundadora de la enfermer\u00eda moderna, y destaca las contribuciones de las enfermeras a la atenci\u00f3n al paciente, la prevenci\u00f3n y la salud p\u00fablica","og_url":"https:\/\/campusvygon.com\/es\/dia-internacional-de-la-enfermeria\/","og_site_name":"Campus Vygon Espa\u00f1a","article_author":"Array","article_published_time":"2026-04-30T08:26:00+00:00","article_modified_time":"2026-04-30T08:26:07+00:00","og_image":[{"width":600,"height":200,"url":"https:\/\/campusvygon.com\/es\/wp-content\/uploads\/sites\/7\/2026\/04\/banner-DI-Enfermeria.jpg","type":"image\/jpeg"}],"author":"Campus Vygon","twitter_card":"summary_large_image","twitter_creator":"@https:\/\/twitter.com\/vygon_es","twitter_misc":{"Escrito por":"Campus Vygon","Tiempo de lectura":"10 minutos"},"schema":{"@context":"https:\/\/schema.org","@graph":[{"@type":"Article","@id":"https:\/\/campusvygon.com\/es\/dia-internacional-de-la-enfermeria\/#article","isPartOf":{"@id":"https:\/\/campusvygon.com\/es\/dia-internacional-de-la-enfermeria\/"},"author":{"name":"Campus Vygon","@id":"https:\/\/campusvygon.com\/es\/#\/schema\/person\/75f06ca9d47ad2da0ff801057b0588fe"},"headline":"\u201cCuidar, escuchar y apoyar\u201d: celebramos el D\u00eda Internacional de la Enfermer\u00eda","datePublished":"2026-04-30T08:26:00+00:00","dateModified":"2026-04-30T08:26:07+00:00","mainEntityOfPage":{"@id":"https:\/\/campusvygon.com\/es\/dia-internacional-de-la-enfermeria\/"},"wordCount":2450,"commentCount":0,"image":{"@id":"https:\/\/campusvygon.com\/es\/dia-internacional-de-la-enfermeria\/#primaryimage"},"thumbnailUrl":"https:\/\/campusvygon.com\/es\/wp-content\/uploads\/sites\/7\/2026\/04\/banner-DI-Enfermeria.jpg","keywords":["d\u00eda mundial de la enfermer\u00eda","enfermer\u00eda"],"articleSection":["Art\u00edculos"],"inLanguage":"es","potentialAction":[{"@type":"CommentAction","name":"Comment","target":["https:\/\/campusvygon.com\/es\/dia-internacional-de-la-enfermeria\/#respond"]}]},{"@type":"WebPage","@id":"https:\/\/campusvygon.com\/es\/dia-internacional-de-la-enfermeria\/","url":"https:\/\/campusvygon.com\/es\/dia-internacional-de-la-enfermeria\/","name":"\u201cCuidar, escuchar y apoyar\u201d: celebramos el D\u00eda Internacional de la Enfermer\u00eda - Campus Vygon Espa\u00f1a","isPartOf":{"@id":"https:\/\/campusvygon.com\/es\/#website"},"primaryImageOfPage":{"@id":"https:\/\/campusvygon.com\/es\/dia-internacional-de-la-enfermeria\/#primaryimage"},"image":{"@id":"https:\/\/campusvygon.com\/es\/dia-internacional-de-la-enfermeria\/#primaryimage"},"thumbnailUrl":"https:\/\/campusvygon.com\/es\/wp-content\/uploads\/sites\/7\/2026\/04\/banner-DI-Enfermeria.jpg","datePublished":"2026-04-30T08:26:00+00:00","dateModified":"2026-04-30T08:26:07+00:00","author":{"@id":"https:\/\/campusvygon.com\/es\/#\/schema\/person\/75f06ca9d47ad2da0ff801057b0588fe"},"description":"El D\u00eda Internacional de la Enfermer\u00eda es una celebraci\u00f3n mundial que tiene lugar cada a\u00f1o el 12 de mayo para reconocer el papel esencial que desempe\u00f1an las enfermeras en los sistemas de salud de todo el mundo. La fecha conmemora el nacimiento de Florence Nightingale, fundadora de la enfermer\u00eda moderna, y destaca las contribuciones de las enfermeras a la atenci\u00f3n al paciente, la prevenci\u00f3n y la salud p\u00fablica","breadcrumb":{"@id":"https:\/\/campusvygon.com\/es\/dia-internacional-de-la-enfermeria\/#breadcrumb"},"inLanguage":"es","potentialAction":[{"@type":"ReadAction","target":["https:\/\/campusvygon.com\/es\/dia-internacional-de-la-enfermeria\/"]}]},{"@type":"ImageObject","inLanguage":"es","@id":"https:\/\/campusvygon.com\/es\/dia-internacional-de-la-enfermeria\/#primaryimage","url":"https:\/\/campusvygon.com\/es\/wp-content\/uploads\/sites\/7\/2026\/04\/banner-DI-Enfermeria.jpg","contentUrl":"https:\/\/campusvygon.com\/es\/wp-content\/uploads\/sites\/7\/2026\/04\/banner-DI-Enfermeria.jpg","width":600,"height":200,"caption":"Enfermer\u00eda"},{"@type":"BreadcrumbList","@id":"https:\/\/campusvygon.com\/es\/dia-internacional-de-la-enfermeria\/#breadcrumb","itemListElement":[{"@type":"ListItem","position":1,"name":"Portada","item":"https:\/\/campusvygon.com\/es\/"},{"@type":"ListItem","position":2,"name":"\u201cCuidar, escuchar y apoyar\u201d: celebramos el D\u00eda Internacional de la Enfermer\u00eda"}]},{"@type":"WebSite","@id":"https:\/\/campusvygon.com\/es\/#website","url":"https:\/\/campusvygon.com\/es\/","name":"Campus Vygon Espa\u00f1a","description":"Un espacio para aprender sobre procedimientos y t\u00e9cnicas sanitarias de la mano de profesionales de referencia.","potentialAction":[{"@type":"SearchAction","target":{"@type":"EntryPoint","urlTemplate":"https:\/\/campusvygon.com\/es\/?s={search_term_string}"},"query-input":{"@type":"PropertyValueSpecification","valueRequired":true,"valueName":"search_term_string"}}],"inLanguage":"es"},{"@type":"Person","@id":"https:\/\/campusvygon.com\/es\/#\/schema\/person\/75f06ca9d47ad2da0ff801057b0588fe","name":"Campus Vygon","image":{"@type":"ImageObject","inLanguage":"es","@id":"https:\/\/campusvygon.com\/es\/wp-content\/uploads\/sites\/7\/2016\/02\/cropped-Vygon-Value-Life-150x150.jpg","url":"https:\/\/campusvygon.com\/es\/wp-content\/uploads\/sites\/7\/2016\/02\/cropped-Vygon-Value-Life-150x150.jpg","contentUrl":"https:\/\/campusvygon.com\/es\/wp-content\/uploads\/sites\/7\/2016\/02\/cropped-Vygon-Value-Life-150x150.jpg","caption":"Campus Vygon"},"description":"A place to learn about\u00a0health procedures\u00a0and techniques from\u00a0leading professionals.","sameAs":["https:\/\/www.vygon.es\/","Array","https:\/\/www.instagram.com\/vygonespana\/","https:\/\/www.linkedin.com\/company\/vygon-espaa","https:\/\/x.com\/https:\/\/twitter.com\/vygon_es","https:\/\/www.youtube.com\/user\/VygonSpain"],"url":"https:\/\/campusvygon.com\/es\/author\/vygon\/"}]}},"_links":{"self":[{"href":"https:\/\/campusvygon.com\/es\/wp-json\/wp\/v2\/posts\/50596","targetHints":{"allow":["GET"]}}],"collection":[{"href":"https:\/\/campusvygon.com\/es\/wp-json\/wp\/v2\/posts"}],"about":[{"href":"https:\/\/campusvygon.com\/es\/wp-json\/wp\/v2\/types\/post"}],"author":[{"embeddable":true,"href":"https:\/\/campusvygon.com\/es\/wp-json\/wp\/v2\/users\/4"}],"replies":[{"embeddable":true,"href":"https:\/\/campusvygon.com\/es\/wp-json\/wp\/v2\/comments?post=50596"}],"version-history":[{"count":1,"href":"https:\/\/campusvygon.com\/es\/wp-json\/wp\/v2\/posts\/50596\/revisions"}],"predecessor-version":[{"id":50598,"href":"https:\/\/campusvygon.com\/es\/wp-json\/wp\/v2\/posts\/50596\/revisions\/50598"}],"wp:featuredmedia":[{"embeddable":true,"href":"https:\/\/campusvygon.com\/es\/wp-json\/wp\/v2\/media\/50597"}],"wp:attachment":[{"href":"https:\/\/campusvygon.com\/es\/wp-json\/wp\/v2\/media?parent=50596"}],"wp:term":[{"taxonomy":"category","embeddable":true,"href":"https:\/\/campusvygon.com\/es\/wp-json\/wp\/v2\/categories?post=50596"},{"taxonomy":"post_tag","embeddable":true,"href":"https:\/\/campusvygon.com\/es\/wp-json\/wp\/v2\/tags?post=50596"}],"curies":[{"name":"wp","href":"https:\/\/api.w.org\/{rel}","templated":true}]}}