{"id":36603,"date":"2023-11-13T19:30:11","date_gmt":"2023-11-13T18:30:11","guid":{"rendered":"https:\/\/campusvygon.com\/it\/?p=36603"},"modified":"2023-11-14T09:31:22","modified_gmt":"2023-11-14T08:31:22","slug":"conoscere-e-prevenire-la-bpco-un-appello-per-aumentare-la-consapevolezza-in-occasione-della-giornata-mondiale-della-bpco","status":"publish","type":"post","link":"https:\/\/campusvygon.com\/it\/conoscere-e-prevenire-la-bpco-un-appello-per-aumentare-la-consapevolezza-in-occasione-della-giornata-mondiale-della-bpco\/","title":{"rendered":"Conoscere e prevenire la BPCO &#8211; Un appello per aumentare la consapevolezza in occasione della giornata mondiale della BPCO"},"content":{"rendered":"\n<p>Ogni anno, il mondo si unisce per riconoscere e affrontare una delle malattie polmonari pi\u00f9 insidiose e diffuse: la Broncopneumopatia Cronica Ostruttiva, meglio conosciuta come BPCO.<\/p>\n\n\n\n<p><strong>La Giornata Mondiale della BPCO, giunta ormai alla sua 22a edizione, quest\u2019anno si celebra il 15 novembre 2023. <\/strong>Si tratta di un&#8217;occasione cruciale per aumentare la consapevolezza su questa malattia e promuovere un cambiamento significativo nella prevenzione, diagnosi e trattamento.<\/p>\n\n\n\n<div style=\"height:53px\" aria-hidden=\"true\" class=\"wp-block-spacer\"><\/div>\n\n\n\n<figure class=\"wp-block-image aligncenter size-full\"><a href=\"https:\/\/campusvygon.com\/it\/wp-content\/uploads\/sites\/3\/2023\/11\/image.png\"><img loading=\"lazy\" decoding=\"async\" width=\"565\" height=\"565\" src=\"https:\/\/campusvygon.com\/it\/wp-content\/uploads\/sites\/3\/2023\/11\/image.png\" alt=\"\" class=\"wp-image-36604\" srcset=\"https:\/\/campusvygon.com\/it\/wp-content\/uploads\/sites\/3\/2023\/11\/image.png 565w, https:\/\/campusvygon.com\/it\/wp-content\/uploads\/sites\/3\/2023\/11\/image-480x480.png 480w\" sizes=\"(min-width: 0px) and (max-width: 480px) 480px, (min-width: 481px) 565px, 100vw\" \/><\/a><\/figure>\n\n\n\n<div style=\"height:76px\" aria-hidden=\"true\" class=\"wp-block-spacer\"><\/div>\n\n\n\n<h3 class=\"wp-block-heading\"><strong>Quest\u2019anno il tema della giornata \u00e8 \u201cBreathing is Life &#8211; Act Earlier&#8221;, che mira a sottolineare l&#8217;importanza della salute polmonare precoce, della diagnosi precoce e degli interventi tempestivi.<\/strong><\/h3>\n\n\n\n<div style=\"height:22px\" aria-hidden=\"true\" class=\"wp-block-spacer\"><\/div>\n\n\n\n<p>Mantenere i polmoni sani oggi \u00e8 parte integrante della salute futura ed \u00e8 ora pi\u00f9 importante che mai agire prima. Oggi sappiamo che ci sono molti altri fattori oltre al fumo di tabacco che possono contribuire alla BPCO e che questa pu\u00f2 iniziare presto nella vita e colpire anche individui giovani. <\/p>\n\n\n\n<p>Questa campagna si concentrer\u00e0 proprio <strong>sull&#8217;importanza della salute polmonare precoce<\/strong> e su <strong>come possiamo ampliare l&#8217;orizzonte della prevenzione e del trattamento della BPCO <\/strong>agendo tempestivamente. Ci\u00f2 pu\u00f2 includere la prevenzione dei fattori di rischio precoci, il monitoraggio della salute polmonare fin dalla nascita, la diagnosi della BPCO in uno stato precoce e il trattamento tempestivo.<\/p>\n\n\n\n<p>In questo articolo esploreremo la storia e gli obiettivi del World COPD Day, le informazioni di base sulla BPCO e il suo impatto sulla salute globale. Scopriremo anche come ognuno di noi pu\u00f2 contribuire a migliorare la vita delle persone colpite dalla BPCO e a promuovere la salute polmonare in tutto il mondo.<\/p>\n\n\n\n<div style=\"height:62px\" aria-hidden=\"true\" class=\"wp-block-spacer\"><\/div>\n\n\n\n<h2 class=\"wp-block-heading\"><strong>Storia del world COPD day<\/strong><\/h2>\n\n\n\n<p>La <strong>Giornata Mondiale della BPCO<\/strong> (<strong>World COPD Day<\/strong>) \u00e8 un evento annuale che si tiene il terzo mercoled\u00ec di novembre di ogni anno. La prima Giornata Mondiale della BPCO si \u00e8 tenuta nel 2002!<\/p>\n\n\n\n<p>E\u2019 organizzata dalla <strong>Global Initiative for Chronic Obstructive Lung Disease (GOLD)<\/strong> in collaborazione con gli operatori sanitari e i gruppi di pazienti affetti da BPCO di tutto il mondo, con l\u2019obbiettivo di sensibilizzare l&#8217;opinione pubblica sulla broncopneumopatia cronica ostruttiva (BPCO), sul suo impatto sugli individui e sulle comunit\u00e0 e per promuovere le modalit\u00e0 di prevenzione e gestione della malattia.<\/p>\n\n\n\n<div style=\"height:37px\" aria-hidden=\"true\" class=\"wp-block-spacer\"><\/div>\n\n\n\n<figure class=\"wp-block-image aligncenter size-large\"><a href=\"https:\/\/campusvygon.com\/it\/wp-content\/uploads\/sites\/3\/2023\/11\/INFOGRAFIA-1-1-scaled.jpg\"><img loading=\"lazy\" decoding=\"async\" width=\"1024\" height=\"677\" src=\"https:\/\/campusvygon.com\/it\/wp-content\/uploads\/sites\/3\/2023\/11\/INFOGRAFIA-1-1-1024x677.jpg\" alt=\"\" class=\"wp-image-36613\" srcset=\"https:\/\/campusvygon.com\/it\/wp-content\/uploads\/sites\/3\/2023\/11\/INFOGRAFIA-1-1-980x648.jpg 980w, https:\/\/campusvygon.com\/it\/wp-content\/uploads\/sites\/3\/2023\/11\/INFOGRAFIA-1-1-480x317.jpg 480w\" sizes=\"(min-width: 0px) and (max-width: 480px) 480px, (min-width: 481px) and (max-width: 980px) 980px, (min-width: 981px) 1024px, 100vw\" \/><\/a><\/figure>\n\n\n\n<div style=\"height:37px\" aria-hidden=\"true\" class=\"wp-block-spacer\"><\/div>\n\n\n\n<p>La Giornata Mondiale della BPCO \u00e8 caratterizzata da varie attivit\u00e0, tra cui campagne educative, seminari, workshop, test di funzionalit\u00e0 polmonare e altri eventi progettati per coinvolgere il pubblico e gli operatori sanitari. L&#8217;iniziativa globale \u00e8 sostenuta da organizzazioni, operatori sanitari e gruppi di difesa dedicati a migliorare la vita delle persone affette da BPCO. Il tema e le attivit\u00e0 specifiche di ogni anno possono variare, ma <strong>l&#8217;obiettivo generale \u00e8 quello di sensibilizzare e migliorare la comprensione della BPCO in tutto il mondo.<\/strong><\/p>\n\n\n\n<div style=\"height:60px\" aria-hidden=\"true\" class=\"wp-block-spacer\"><\/div>\n\n\n\n<h2 class=\"wp-block-heading\"><strong>COSA E\u2019 LA BPCO<\/strong><strong><\/strong><\/h2>\n\n\n\n<p>La <strong>broncopneumopatia cronica ostruttiva (BPCO)<\/strong> \u00e8 una malattia polmonare cronica definita come <em>\u2018una condizione eterogenea del polmone caratterizzata da sintomi cronici respiratori (dispnea, tosse, produzione di espettorato) dovuti ad anormalit\u00e0 delle vie aeree (bronchiti, bronchioliti), e\/o alveolari (enfisema) che causano persistenti e spesso progressive ostruzioni delle stesse\u2019<\/em>.<\/p>\n\n\n\n<p>Si manifesta con una ostruzione progressiva non reversibile del flusso aereo dovuta ad un\u2019infiammazione cronica delle vie aeree che coinvolge il parenchima polmonare, comportando una riduzione della capacit\u00e0 respiratoria.<\/p>\n\n\n\n<p>La BPCO pu\u00f2 essere caratterizzata da periodi di acuto peggioramento dei sintomi respiratori, chiamati esacerbazioni o riacutizzazioni, che hanno un importante impatto negativo sulla qualit\u00e0 di vita dei pazienti e accelerano il declino della funzionalit\u00e0 polmonare.<\/p>\n\n\n\n<p>Inoltre, nella maggior parte dei pazienti, la BPCO \u00e8 associata a significative malattie croniche concomitanti, che ne aumentano la morbilit\u00e0 e la mortalit\u00e0.<\/p>\n\n\n\n<p>La BPCO \u00e8 oggi <strong>una delle prime tre cause di morte a livello mondiale<\/strong>. Si stima che, a livello globale, pi\u00f9 di tre milioni di persone muoiono ogni anno a causa della BPCO. Questo numero \u00e8 destinato ad aumentare nei prossimi decenni a causa dell&#8217;invecchiamento della popolazione mondiale e dell&#8217;esposizione continua a fattori di rischio come il tabacco. L&#8217;esposizione al fumo di tabacco e ad altre particelle e gas tossici inalati sono i principali fattori di rischio per la BPCO, anche se recenti ricerche indicano che la BPCO deriva da una combinazione di rischi genetici e ambientali che si manifestano nel corso della vita.<\/p>\n\n\n\n<div style=\"height:35px\" aria-hidden=\"true\" class=\"wp-block-spacer\"><\/div>\n\n\n\n<figure class=\"wp-block-image aligncenter size-large is-resized\"><a href=\"https:\/\/campusvygon.com\/it\/wp-content\/uploads\/sites\/3\/2023\/11\/INFOGRAFIA-2-1-scaled.jpg\"><img loading=\"lazy\" decoding=\"async\" width=\"949\" height=\"1024\" src=\"https:\/\/campusvygon.com\/it\/wp-content\/uploads\/sites\/3\/2023\/11\/INFOGRAFIA-2-1-949x1024.jpg\" alt=\"\" class=\"wp-image-36616\" style=\"width:759px;height:auto\"\/><\/a><\/figure>\n\n\n\n<div style=\"height:57px\" aria-hidden=\"true\" class=\"wp-block-spacer\"><\/div>\n\n\n\n<p>In <strong>Italia<\/strong> , secondo i dati ISTAT, la BPCO colpisce il <strong>5,6% degli adulti <\/strong>(circa 3,5 milioni di persone) ed \u00e8 responsabile del 55% dei decessi per malattie respiratorie. Tuttavia, la prevalenza della malattia \u00e8 verosimilmente ancora pi\u00f9 elevata perch\u00e9 la BPCO viene spesso diagnosticata nelle fasi avanzate, spesso in occasione del ricovero ospedaliero per riacutizzazione, mentre le forme iniziali e lievi non vengono diagnosticate.<\/p>\n\n\n\n<div style=\"height:15px\" aria-hidden=\"true\" class=\"wp-block-spacer\"><\/div>\n\n\n\n<p class=\"has-white-color has-text-color has-background\" style=\"background-color:#7ba180\">La BPCO non ha ad oggi una cura definitiva, ma si pu\u00f2 prevenire e controllare. <\/p>\n\n\n\n<div style=\"height:15px\" aria-hidden=\"true\" class=\"wp-block-spacer\"><\/div>\n\n\n\n<p>Le terapie ad oggi disponibili si basano su farmaci broncodilatatori e cortisonici, e sulla riabilitazione respiratoria, con l\u2019obiettivo di ridurre i sintomi, la frequenza e la gravit\u00e0 delle esacerbazioni e di migliorare la tolleranza all&#8217;esercizio fisico e lo stato di salute generale. Altri aspetti che possono facilitare il controllo della patologia sono lo smettere di fumare, i vaccini anti-influenzali e l\u2019ossigenoterapia.<\/p>\n\n\n\n<div style=\"height:53px\" aria-hidden=\"true\" class=\"wp-block-spacer\"><\/div>\n\n\n\n<h2 class=\"wp-block-heading\"><strong>Breathing is Life &#8211; Act Earlier<\/strong><strong><\/strong><\/h2>\n\n\n\n<p>La BPCO \u00e8 una patologia diffusa, prevenibile e trattabile, ma spesso diagnosi tardive o errate portano i pazienti a non ricevere alcun trattamento, o a ricevere un trattamento incompleto. <strong>Una diagnosi appropriata e tempestiva della BPCO pu\u00f2 avere un impatto positivo molto significativo sui pazienti e sulla salute pubblica.<\/strong><\/p>\n\n\n\n<p>Il tema di quest&#8217;anno, <strong>\u201cBreathing is Life &#8211; Act Earlier&#8221;, <\/strong>si concentra proprio sull&#8217;importanza di preservare la salute polmonare fin dalla giovane et\u00e0, riconoscendo la necessit\u00e0 di diagnosi precoce e interventi tempestivi. <strong>Mantenere polmoni sani oggi \u00e8 fondamentale per il benessere futuro, ed \u00e8 pi\u00f9 cruciale che mai agire in anticipo.<\/strong><\/p>\n\n\n\n<p>Le azioni per prevenire e controllare la BPCO migliorando la qualit\u00e0 della vita possono essere intraprese ovunque a vari livelli, da parte di una variet\u00e0 di individui e in molti tipi di ambienti diversi.<\/p>\n\n\n\n<div style=\"height:53px\" aria-hidden=\"true\" class=\"wp-block-spacer\"><\/div>\n\n\n\n<figure class=\"wp-block-image aligncenter size-large\"><a href=\"https:\/\/campusvygon.com\/it\/wp-content\/uploads\/sites\/3\/2023\/11\/INFOGRAFIA-3-1-scaled.jpg\"><img loading=\"lazy\" decoding=\"async\" width=\"1024\" height=\"677\" src=\"https:\/\/campusvygon.com\/it\/wp-content\/uploads\/sites\/3\/2023\/11\/INFOGRAFIA-3-1-1024x677.jpg\" alt=\"\" class=\"wp-image-36614\" srcset=\"https:\/\/campusvygon.com\/it\/wp-content\/uploads\/sites\/3\/2023\/11\/INFOGRAFIA-3-1-980x648.jpg 980w, https:\/\/campusvygon.com\/it\/wp-content\/uploads\/sites\/3\/2023\/11\/INFOGRAFIA-3-1-480x317.jpg 480w\" sizes=\"(min-width: 0px) and (max-width: 480px) 480px, (min-width: 481px) and (max-width: 980px) 980px, (min-width: 981px) 1024px, 100vw\" \/><\/a><\/figure>\n\n\n\n<div style=\"height:38px\" aria-hidden=\"true\" class=\"wp-block-spacer\"><\/div>\n\n\n\n<p class=\"has-white-color has-text-color has-background\" style=\"background-color:#7ba180\">Sfruttiamo quindi questa <strong>22a Giornata Mondiale della BPCO<\/strong> per divulgare e condividere informazioni sulla BPCO e sensibilizzare sull\u2019argomento, ma <strong>soprattutto incominciamo fin da subito ad agire su noi stessi e su chi ci sta intorno per adottare comportamenti pi\u00f9 sani e abitudini pi\u00f9 salutari.<\/strong><\/p>\n\n\n\n<div style=\"height:38px\" aria-hidden=\"true\" class=\"wp-block-spacer\"><\/div>\n\n\n\n<h3 class=\"wp-block-heading\"><strong>Mantenere polmoni sani oggi \u00e8 fondamentale per il benessere futuro!<\/strong><\/h3>\n\n\n\n<div style=\"height:100px\" aria-hidden=\"true\" class=\"wp-block-spacer\"><\/div>\n\n\n\n<div class=\"wp-block-divi-layout\">[et_pb_section fb_built=&#8221;1&#8243; admin_label=&#8221;section&#8221; _builder_version=&#8221;4.16&#8243; global_colors_info=&#8221;{}&#8221;][et_pb_row admin_label=&#8221;row&#8221; _builder_version=&#8221;4.23&#8243; background_color=&#8221;gcid-2d45c7f1-05fc-4f3c-8b35-fe69709a6a62&#8243; background_size=&#8221;initial&#8221; background_position=&#8221;top_left&#8221; background_repeat=&#8221;repeat&#8221; custom_padding=&#8221;55px||55px||true|&#8221; link_option_url=&#8221;https:\/\/www.vygon.it\/catalogo\/prodotto\/oxynov-freeo2-ossigenoterapia\/&#8221; link_option_url_new_window=&#8221;on&#8221; hover_enabled=&#8221;0&#8243; box_shadow_style=&#8221;preset1&#8243; box_shadow_blur=&#8221;79px&#8221; box_shadow_spread=&#8221;-28px&#8221; global_colors_info=&#8221;{%22gcid-2d45c7f1-05fc-4f3c-8b35-fe69709a6a62%22:%91%22background_color%22%93}&#8221; sticky_enabled=&#8221;0&#8243;][et_pb_column type=&#8221;4_4&#8243; _builder_version=&#8221;4.16&#8243; _module_preset=&#8221;default&#8221; global_colors_info=&#8221;{}&#8221;][et_pb_blurb title=&#8221;PRODOTTI CORRELATI&#8221; use_icon=&#8221;on&#8221; font_icon=&#8221;P||divi||400&#8243; image_icon_width=&#8221;55px&#8221; _builder_version=&#8221;4.17.4&#8243; _module_preset=&#8221;default&#8221; text_orientation=&#8221;center&#8221; global_colors_info=&#8221;{}&#8221;][\/et_pb_blurb][\/et_pb_column][\/et_pb_row][\/et_pb_section]<\/div>\n\n\n\n<div style=\"height:100px\" aria-hidden=\"true\" class=\"wp-block-spacer\"><\/div>\n\n\n\n<h2 class=\"wp-block-heading\">BIBLIOGRAFIA<\/h2>\n\n\n\n<figure class=\"wp-block-embed is-type-wp-embed is-provider-global-initiative-for-chronic-obstructive-lung-disease-gold wp-block-embed-global-initiative-for-chronic-obstructive-lung-disease-gold\"><div class=\"wp-block-embed__wrapper\">\n<blockquote class=\"wp-embedded-content\" data-secret=\"SXhT78xuRF\"><a href=\"https:\/\/goldcopd.org\/world-copd-day-2023\/\">World COPD Day 2023<\/a><\/blockquote><iframe loading=\"lazy\" class=\"wp-embedded-content\" sandbox=\"allow-scripts\" security=\"restricted\" style=\"position: absolute; clip: rect(1px, 1px, 1px, 1px);\" title=\"&#8220;World COPD Day 2023&#8221; &#8212; Global Initiative for Chronic Obstructive Lung Disease - GOLD\" src=\"https:\/\/goldcopd.org\/world-copd-day-2023\/embed\/#?secret=6U6wR9F1WS#?secret=SXhT78xuRF\" data-secret=\"SXhT78xuRF\" width=\"600\" height=\"338\" frameborder=\"0\" marginwidth=\"0\" marginheight=\"0\" scrolling=\"no\"><\/iframe>\n<\/div><\/figure>\n\n\n\n<p>Report GOLD 2023<\/p>\n\n\n\n<p><\/p>\n\n\n\n<p><\/p>\n\n\n\n<p><\/p>\n\n\n\n<p><\/p>\n\n\n\n<p><\/p>\n","protected":false},"excerpt":{"rendered":"<p>Ogni anno, il mondo si unisce per riconoscere e affrontare una delle malattie polmonari pi\u00f9 insidiose e diffuse: la Broncopneumopatia Cronica Ostruttiva, meglio conosciuta come BPCO. La Giornata Mondiale della BPCO, giunta ormai alla sua 22a edizione, quest\u2019anno si celebra il 15 novembre 2023. Si tratta di un&#8217;occasione cruciale per aumentare la consapevolezza su questa [&hellip;]<\/p>\n","protected":false},"author":132,"featured_media":36611,"comment_status":"closed","ping_status":"closed","sticky":false,"template":"","format":"standard","meta":{"_et_pb_use_builder":"","_et_pb_old_content":"","_et_gb_content_width":"","footnotes":""},"categories":[644],"tags":[832],"class_list":["post-36603","post","type-post","status-publish","format-standard","has-post-thumbnail","hentry","category-emergenza-e-urgenza","tag-emergenza-e-urgenza"],"yoast_head":"<!-- This site is optimized with the Yoast SEO plugin v27.4 - https:\/\/yoast.com\/product\/yoast-seo-wordpress\/ -->\n<title>Conoscere e prevenire la BPCO - Un appello per aumentare la consapevolezza in occasione della giornata mondiale della BPCO - Campus Vygon Italia<\/title>\n<meta name=\"robots\" content=\"index, follow, max-snippet:-1, max-image-preview:large, max-video-preview:-1\" \/>\n<link rel=\"canonical\" href=\"https:\/\/campusvygon.com\/it\/conoscere-e-prevenire-la-bpco-un-appello-per-aumentare-la-consapevolezza-in-occasione-della-giornata-mondiale-della-bpco\/\" \/>\n<meta property=\"og:locale\" content=\"it_IT\" \/>\n<meta property=\"og:type\" content=\"article\" \/>\n<meta property=\"og:title\" content=\"Conoscere e prevenire la BPCO - Un appello per aumentare la consapevolezza in occasione della giornata mondiale della BPCO - Campus Vygon Italia\" \/>\n<meta property=\"og:description\" content=\"Ogni anno, il mondo si unisce per riconoscere e affrontare una delle malattie polmonari pi\u00f9 insidiose e diffuse: la Broncopneumopatia Cronica Ostruttiva, meglio conosciuta come BPCO. La Giornata Mondiale della BPCO, giunta ormai alla sua 22a edizione, quest\u2019anno si celebra il 15 novembre 2023. Si tratta di un&#8217;occasione cruciale per aumentare la consapevolezza su questa [&hellip;]\" \/>\n<meta property=\"og:url\" content=\"https:\/\/campusvygon.com\/it\/conoscere-e-prevenire-la-bpco-un-appello-per-aumentare-la-consapevolezza-in-occasione-della-giornata-mondiale-della-bpco\/\" \/>\n<meta property=\"og:site_name\" content=\"Campus Vygon Italia\" \/>\n<meta property=\"article:publisher\" content=\"https:\/\/www.facebook.com\/Vygon-Italia-102738545680399\" \/>\n<meta property=\"article:published_time\" content=\"2023-11-13T18:30:11+00:00\" \/>\n<meta property=\"article:modified_time\" content=\"2023-11-14T08:31:22+00:00\" \/>\n<meta property=\"og:image\" content=\"https:\/\/campusvygon.com\/it\/wp-content\/uploads\/sites\/3\/2023\/11\/AdobeStock_414490853-1-scaled.jpeg\" \/>\n\t<meta property=\"og:image:width\" content=\"2560\" \/>\n\t<meta property=\"og:image:height\" content=\"1708\" \/>\n\t<meta property=\"og:image:type\" content=\"image\/jpeg\" \/>\n<meta name=\"author\" content=\"Giacomo Pedroli\" \/>\n<meta name=\"twitter:card\" content=\"summary_large_image\" \/>\n<meta name=\"twitter:label1\" content=\"Scritto da\" \/>\n\t<meta name=\"twitter:data1\" content=\"Giacomo Pedroli\" \/>\n\t<meta name=\"twitter:label2\" content=\"Tempo di lettura stimato\" \/>\n\t<meta name=\"twitter:data2\" content=\"7 minuti\" \/>\n<script type=\"application\/ld+json\" class=\"yoast-schema-graph\">{\"@context\":\"https:\\\/\\\/schema.org\",\"@graph\":[{\"@type\":\"Article\",\"@id\":\"https:\\\/\\\/campusvygon.com\\\/it\\\/conoscere-e-prevenire-la-bpco-un-appello-per-aumentare-la-consapevolezza-in-occasione-della-giornata-mondiale-della-bpco\\\/#article\",\"isPartOf\":{\"@id\":\"https:\\\/\\\/campusvygon.com\\\/it\\\/conoscere-e-prevenire-la-bpco-un-appello-per-aumentare-la-consapevolezza-in-occasione-della-giornata-mondiale-della-bpco\\\/\"},\"author\":{\"name\":\"Giacomo Pedroli\",\"@id\":\"https:\\\/\\\/campusvygon.com\\\/it\\\/#\\\/schema\\\/person\\\/a221c7373c24c1e2c3993d5695597ef7\"},\"headline\":\"Conoscere e prevenire la BPCO &#8211; Un appello per aumentare la consapevolezza in occasione della giornata mondiale della BPCO\",\"datePublished\":\"2023-11-13T18:30:11+00:00\",\"dateModified\":\"2023-11-14T08:31:22+00:00\",\"mainEntityOfPage\":{\"@id\":\"https:\\\/\\\/campusvygon.com\\\/it\\\/conoscere-e-prevenire-la-bpco-un-appello-per-aumentare-la-consapevolezza-in-occasione-della-giornata-mondiale-della-bpco\\\/\"},\"wordCount\":1186,\"publisher\":{\"@id\":\"https:\\\/\\\/campusvygon.com\\\/it\\\/#organization\"},\"image\":{\"@id\":\"https:\\\/\\\/campusvygon.com\\\/it\\\/conoscere-e-prevenire-la-bpco-un-appello-per-aumentare-la-consapevolezza-in-occasione-della-giornata-mondiale-della-bpco\\\/#primaryimage\"},\"thumbnailUrl\":\"https:\\\/\\\/campusvygon.com\\\/it\\\/wp-content\\\/uploads\\\/sites\\\/3\\\/2023\\\/11\\\/AdobeStock_414490853-1-scaled.jpeg\",\"keywords\":[\"Emergenza e Urgenza\"],\"articleSection\":[\"Emergenza e Urgenza\"],\"inLanguage\":\"it-IT\"},{\"@type\":\"WebPage\",\"@id\":\"https:\\\/\\\/campusvygon.com\\\/it\\\/conoscere-e-prevenire-la-bpco-un-appello-per-aumentare-la-consapevolezza-in-occasione-della-giornata-mondiale-della-bpco\\\/\",\"url\":\"https:\\\/\\\/campusvygon.com\\\/it\\\/conoscere-e-prevenire-la-bpco-un-appello-per-aumentare-la-consapevolezza-in-occasione-della-giornata-mondiale-della-bpco\\\/\",\"name\":\"Conoscere e prevenire la BPCO - Un appello per aumentare la consapevolezza in occasione della giornata mondiale della BPCO - Campus Vygon Italia\",\"isPartOf\":{\"@id\":\"https:\\\/\\\/campusvygon.com\\\/it\\\/#website\"},\"primaryImageOfPage\":{\"@id\":\"https:\\\/\\\/campusvygon.com\\\/it\\\/conoscere-e-prevenire-la-bpco-un-appello-per-aumentare-la-consapevolezza-in-occasione-della-giornata-mondiale-della-bpco\\\/#primaryimage\"},\"image\":{\"@id\":\"https:\\\/\\\/campusvygon.com\\\/it\\\/conoscere-e-prevenire-la-bpco-un-appello-per-aumentare-la-consapevolezza-in-occasione-della-giornata-mondiale-della-bpco\\\/#primaryimage\"},\"thumbnailUrl\":\"https:\\\/\\\/campusvygon.com\\\/it\\\/wp-content\\\/uploads\\\/sites\\\/3\\\/2023\\\/11\\\/AdobeStock_414490853-1-scaled.jpeg\",\"datePublished\":\"2023-11-13T18:30:11+00:00\",\"dateModified\":\"2023-11-14T08:31:22+00:00\",\"breadcrumb\":{\"@id\":\"https:\\\/\\\/campusvygon.com\\\/it\\\/conoscere-e-prevenire-la-bpco-un-appello-per-aumentare-la-consapevolezza-in-occasione-della-giornata-mondiale-della-bpco\\\/#breadcrumb\"},\"inLanguage\":\"it-IT\",\"potentialAction\":[{\"@type\":\"ReadAction\",\"target\":[\"https:\\\/\\\/campusvygon.com\\\/it\\\/conoscere-e-prevenire-la-bpco-un-appello-per-aumentare-la-consapevolezza-in-occasione-della-giornata-mondiale-della-bpco\\\/\"]}]},{\"@type\":\"ImageObject\",\"inLanguage\":\"it-IT\",\"@id\":\"https:\\\/\\\/campusvygon.com\\\/it\\\/conoscere-e-prevenire-la-bpco-un-appello-per-aumentare-la-consapevolezza-in-occasione-della-giornata-mondiale-della-bpco\\\/#primaryimage\",\"url\":\"https:\\\/\\\/campusvygon.com\\\/it\\\/wp-content\\\/uploads\\\/sites\\\/3\\\/2023\\\/11\\\/AdobeStock_414490853-1-scaled.jpeg\",\"contentUrl\":\"https:\\\/\\\/campusvygon.com\\\/it\\\/wp-content\\\/uploads\\\/sites\\\/3\\\/2023\\\/11\\\/AdobeStock_414490853-1-scaled.jpeg\",\"width\":2560,\"height\":1708},{\"@type\":\"BreadcrumbList\",\"@id\":\"https:\\\/\\\/campusvygon.com\\\/it\\\/conoscere-e-prevenire-la-bpco-un-appello-per-aumentare-la-consapevolezza-in-occasione-della-giornata-mondiale-della-bpco\\\/#breadcrumb\",\"itemListElement\":[{\"@type\":\"ListItem\",\"position\":1,\"name\":\"Portada\",\"item\":\"https:\\\/\\\/campusvygon.com\\\/it\\\/\"},{\"@type\":\"ListItem\",\"position\":2,\"name\":\"Conoscere e prevenire la BPCO &#8211; Un appello per aumentare la consapevolezza in occasione della giornata mondiale della BPCO\"}]},{\"@type\":\"WebSite\",\"@id\":\"https:\\\/\\\/campusvygon.com\\\/it\\\/#website\",\"url\":\"https:\\\/\\\/campusvygon.com\\\/it\\\/\",\"name\":\"Campus Vygon Italia\",\"description\":\"Uno spazio dove imparare le procedure e le tecniche sanitarie dalla mano dei migliori professionisti del settore. Creato da e per gli specialisti della sanit\u00e0.\",\"publisher\":{\"@id\":\"https:\\\/\\\/campusvygon.com\\\/it\\\/#organization\"},\"potentialAction\":[{\"@type\":\"SearchAction\",\"target\":{\"@type\":\"EntryPoint\",\"urlTemplate\":\"https:\\\/\\\/campusvygon.com\\\/it\\\/?s={search_term_string}\"},\"query-input\":{\"@type\":\"PropertyValueSpecification\",\"valueRequired\":true,\"valueName\":\"search_term_string\"}}],\"inLanguage\":\"it-IT\"},{\"@type\":\"Organization\",\"@id\":\"https:\\\/\\\/campusvygon.com\\\/it\\\/#organization\",\"name\":\"Campus Vygon Italia\",\"url\":\"https:\\\/\\\/campusvygon.com\\\/it\\\/\",\"logo\":{\"@type\":\"ImageObject\",\"inLanguage\":\"it-IT\",\"@id\":\"https:\\\/\\\/campusvygon.com\\\/it\\\/#\\\/schema\\\/logo\\\/image\\\/\",\"url\":\"https:\\\/\\\/cvit.b-cdn.net\\\/wp-content\\\/uploads\\\/sites\\\/3\\\/2022\\\/02\\\/VYGON-ITALIA.jpg\",\"contentUrl\":\"https:\\\/\\\/cvit.b-cdn.net\\\/wp-content\\\/uploads\\\/sites\\\/3\\\/2022\\\/02\\\/VYGON-ITALIA.jpg\",\"width\":703,\"height\":703,\"caption\":\"Campus Vygon Italia\"},\"image\":{\"@id\":\"https:\\\/\\\/campusvygon.com\\\/it\\\/#\\\/schema\\\/logo\\\/image\\\/\"},\"sameAs\":[\"https:\\\/\\\/www.facebook.com\\\/Vygon-Italia-102738545680399\",\"https:\\\/\\\/www.instagram.com\\\/campusvygonitalia\\\/\",\"https:\\\/\\\/www.linkedin.com\\\/company\\\/vygon-italia-srl\",\"https:\\\/\\\/www.youtube.com\\\/channel\\\/UCg8IwloH03GkRqQs0mLskHA\"]},{\"@type\":\"Person\",\"@id\":\"https:\\\/\\\/campusvygon.com\\\/it\\\/#\\\/schema\\\/person\\\/a221c7373c24c1e2c3993d5695597ef7\",\"name\":\"Giacomo Pedroli\",\"image\":{\"@type\":\"ImageObject\",\"inLanguage\":\"it-IT\",\"@id\":\"https:\\\/\\\/campusvygon.com\\\/it\\\/wp-content\\\/uploads\\\/sites\\\/3\\\/2023\\\/11\\\/giacomopedroi_avatar-96x96.jpg\",\"url\":\"https:\\\/\\\/campusvygon.com\\\/it\\\/wp-content\\\/uploads\\\/sites\\\/3\\\/2023\\\/11\\\/giacomopedroi_avatar-96x96.jpg\",\"contentUrl\":\"https:\\\/\\\/campusvygon.com\\\/it\\\/wp-content\\\/uploads\\\/sites\\\/3\\\/2023\\\/11\\\/giacomopedroi_avatar-96x96.jpg\",\"caption\":\"Giacomo Pedroli\"},\"description\":\"Laureato in Ingegneria biomedica, lavoro nel mondo dei Dispositivi medici da oltre 14 anni con ruoli diversi ma complementari che spaziano dalle Vendite al Marketing, dalla Formazione alla Gestione manutentiva, relativamente sia alle apparecchiature elettromedicali che ai dispositivi monouso. Attualmente ricopro i ruoli di Business Unit Manager per le linee \u2018Pain and airway management\u2019 e \u2018Cardiovascular Surgery\u2019, e di Content Manager.\",\"url\":\"https:\\\/\\\/campusvygon.com\\\/it\\\/author\\\/giacomopedroi\\\/\"}]}<\/script>\n<!-- \/ Yoast SEO plugin. -->","yoast_head_json":{"title":"Conoscere e prevenire la BPCO - Un appello per aumentare la consapevolezza in occasione della giornata mondiale della BPCO - Campus Vygon Italia","robots":{"index":"index","follow":"follow","max-snippet":"max-snippet:-1","max-image-preview":"max-image-preview:large","max-video-preview":"max-video-preview:-1"},"canonical":"https:\/\/campusvygon.com\/it\/conoscere-e-prevenire-la-bpco-un-appello-per-aumentare-la-consapevolezza-in-occasione-della-giornata-mondiale-della-bpco\/","og_locale":"it_IT","og_type":"article","og_title":"Conoscere e prevenire la BPCO - Un appello per aumentare la consapevolezza in occasione della giornata mondiale della BPCO - Campus Vygon Italia","og_description":"Ogni anno, il mondo si unisce per riconoscere e affrontare una delle malattie polmonari pi\u00f9 insidiose e diffuse: la Broncopneumopatia Cronica Ostruttiva, meglio conosciuta come BPCO. La Giornata Mondiale della BPCO, giunta ormai alla sua 22a edizione, quest\u2019anno si celebra il 15 novembre 2023. Si tratta di un&#8217;occasione cruciale per aumentare la consapevolezza su questa [&hellip;]","og_url":"https:\/\/campusvygon.com\/it\/conoscere-e-prevenire-la-bpco-un-appello-per-aumentare-la-consapevolezza-in-occasione-della-giornata-mondiale-della-bpco\/","og_site_name":"Campus Vygon Italia","article_publisher":"https:\/\/www.facebook.com\/Vygon-Italia-102738545680399","article_published_time":"2023-11-13T18:30:11+00:00","article_modified_time":"2023-11-14T08:31:22+00:00","og_image":[{"width":2560,"height":1708,"url":"https:\/\/campusvygon.com\/it\/wp-content\/uploads\/sites\/3\/2023\/11\/AdobeStock_414490853-1-scaled.jpeg","type":"image\/jpeg"}],"author":"Giacomo Pedroli","twitter_card":"summary_large_image","twitter_misc":{"Scritto da":"Giacomo Pedroli","Tempo di lettura stimato":"7 minuti"},"schema":{"@context":"https:\/\/schema.org","@graph":[{"@type":"Article","@id":"https:\/\/campusvygon.com\/it\/conoscere-e-prevenire-la-bpco-un-appello-per-aumentare-la-consapevolezza-in-occasione-della-giornata-mondiale-della-bpco\/#article","isPartOf":{"@id":"https:\/\/campusvygon.com\/it\/conoscere-e-prevenire-la-bpco-un-appello-per-aumentare-la-consapevolezza-in-occasione-della-giornata-mondiale-della-bpco\/"},"author":{"name":"Giacomo Pedroli","@id":"https:\/\/campusvygon.com\/it\/#\/schema\/person\/a221c7373c24c1e2c3993d5695597ef7"},"headline":"Conoscere e prevenire la BPCO &#8211; Un appello per aumentare la consapevolezza in occasione della giornata mondiale della BPCO","datePublished":"2023-11-13T18:30:11+00:00","dateModified":"2023-11-14T08:31:22+00:00","mainEntityOfPage":{"@id":"https:\/\/campusvygon.com\/it\/conoscere-e-prevenire-la-bpco-un-appello-per-aumentare-la-consapevolezza-in-occasione-della-giornata-mondiale-della-bpco\/"},"wordCount":1186,"publisher":{"@id":"https:\/\/campusvygon.com\/it\/#organization"},"image":{"@id":"https:\/\/campusvygon.com\/it\/conoscere-e-prevenire-la-bpco-un-appello-per-aumentare-la-consapevolezza-in-occasione-della-giornata-mondiale-della-bpco\/#primaryimage"},"thumbnailUrl":"https:\/\/campusvygon.com\/it\/wp-content\/uploads\/sites\/3\/2023\/11\/AdobeStock_414490853-1-scaled.jpeg","keywords":["Emergenza e Urgenza"],"articleSection":["Emergenza e Urgenza"],"inLanguage":"it-IT"},{"@type":"WebPage","@id":"https:\/\/campusvygon.com\/it\/conoscere-e-prevenire-la-bpco-un-appello-per-aumentare-la-consapevolezza-in-occasione-della-giornata-mondiale-della-bpco\/","url":"https:\/\/campusvygon.com\/it\/conoscere-e-prevenire-la-bpco-un-appello-per-aumentare-la-consapevolezza-in-occasione-della-giornata-mondiale-della-bpco\/","name":"Conoscere e prevenire la BPCO - Un appello per aumentare la consapevolezza in occasione della giornata mondiale della BPCO - Campus Vygon Italia","isPartOf":{"@id":"https:\/\/campusvygon.com\/it\/#website"},"primaryImageOfPage":{"@id":"https:\/\/campusvygon.com\/it\/conoscere-e-prevenire-la-bpco-un-appello-per-aumentare-la-consapevolezza-in-occasione-della-giornata-mondiale-della-bpco\/#primaryimage"},"image":{"@id":"https:\/\/campusvygon.com\/it\/conoscere-e-prevenire-la-bpco-un-appello-per-aumentare-la-consapevolezza-in-occasione-della-giornata-mondiale-della-bpco\/#primaryimage"},"thumbnailUrl":"https:\/\/campusvygon.com\/it\/wp-content\/uploads\/sites\/3\/2023\/11\/AdobeStock_414490853-1-scaled.jpeg","datePublished":"2023-11-13T18:30:11+00:00","dateModified":"2023-11-14T08:31:22+00:00","breadcrumb":{"@id":"https:\/\/campusvygon.com\/it\/conoscere-e-prevenire-la-bpco-un-appello-per-aumentare-la-consapevolezza-in-occasione-della-giornata-mondiale-della-bpco\/#breadcrumb"},"inLanguage":"it-IT","potentialAction":[{"@type":"ReadAction","target":["https:\/\/campusvygon.com\/it\/conoscere-e-prevenire-la-bpco-un-appello-per-aumentare-la-consapevolezza-in-occasione-della-giornata-mondiale-della-bpco\/"]}]},{"@type":"ImageObject","inLanguage":"it-IT","@id":"https:\/\/campusvygon.com\/it\/conoscere-e-prevenire-la-bpco-un-appello-per-aumentare-la-consapevolezza-in-occasione-della-giornata-mondiale-della-bpco\/#primaryimage","url":"https:\/\/campusvygon.com\/it\/wp-content\/uploads\/sites\/3\/2023\/11\/AdobeStock_414490853-1-scaled.jpeg","contentUrl":"https:\/\/campusvygon.com\/it\/wp-content\/uploads\/sites\/3\/2023\/11\/AdobeStock_414490853-1-scaled.jpeg","width":2560,"height":1708},{"@type":"BreadcrumbList","@id":"https:\/\/campusvygon.com\/it\/conoscere-e-prevenire-la-bpco-un-appello-per-aumentare-la-consapevolezza-in-occasione-della-giornata-mondiale-della-bpco\/#breadcrumb","itemListElement":[{"@type":"ListItem","position":1,"name":"Portada","item":"https:\/\/campusvygon.com\/it\/"},{"@type":"ListItem","position":2,"name":"Conoscere e prevenire la BPCO &#8211; Un appello per aumentare la consapevolezza in occasione della giornata mondiale della BPCO"}]},{"@type":"WebSite","@id":"https:\/\/campusvygon.com\/it\/#website","url":"https:\/\/campusvygon.com\/it\/","name":"Campus Vygon Italia","description":"Uno spazio dove imparare le procedure e le tecniche sanitarie dalla mano dei migliori professionisti del settore. Creato da e per gli specialisti della sanit\u00e0.","publisher":{"@id":"https:\/\/campusvygon.com\/it\/#organization"},"potentialAction":[{"@type":"SearchAction","target":{"@type":"EntryPoint","urlTemplate":"https:\/\/campusvygon.com\/it\/?s={search_term_string}"},"query-input":{"@type":"PropertyValueSpecification","valueRequired":true,"valueName":"search_term_string"}}],"inLanguage":"it-IT"},{"@type":"Organization","@id":"https:\/\/campusvygon.com\/it\/#organization","name":"Campus Vygon Italia","url":"https:\/\/campusvygon.com\/it\/","logo":{"@type":"ImageObject","inLanguage":"it-IT","@id":"https:\/\/campusvygon.com\/it\/#\/schema\/logo\/image\/","url":"https:\/\/cvit.b-cdn.net\/wp-content\/uploads\/sites\/3\/2022\/02\/VYGON-ITALIA.jpg","contentUrl":"https:\/\/cvit.b-cdn.net\/wp-content\/uploads\/sites\/3\/2022\/02\/VYGON-ITALIA.jpg","width":703,"height":703,"caption":"Campus Vygon Italia"},"image":{"@id":"https:\/\/campusvygon.com\/it\/#\/schema\/logo\/image\/"},"sameAs":["https:\/\/www.facebook.com\/Vygon-Italia-102738545680399","https:\/\/www.instagram.com\/campusvygonitalia\/","https:\/\/www.linkedin.com\/company\/vygon-italia-srl","https:\/\/www.youtube.com\/channel\/UCg8IwloH03GkRqQs0mLskHA"]},{"@type":"Person","@id":"https:\/\/campusvygon.com\/it\/#\/schema\/person\/a221c7373c24c1e2c3993d5695597ef7","name":"Giacomo Pedroli","image":{"@type":"ImageObject","inLanguage":"it-IT","@id":"https:\/\/campusvygon.com\/it\/wp-content\/uploads\/sites\/3\/2023\/11\/giacomopedroi_avatar-96x96.jpg","url":"https:\/\/campusvygon.com\/it\/wp-content\/uploads\/sites\/3\/2023\/11\/giacomopedroi_avatar-96x96.jpg","contentUrl":"https:\/\/campusvygon.com\/it\/wp-content\/uploads\/sites\/3\/2023\/11\/giacomopedroi_avatar-96x96.jpg","caption":"Giacomo Pedroli"},"description":"Laureato in Ingegneria biomedica, lavoro nel mondo dei Dispositivi medici da oltre 14 anni con ruoli diversi ma complementari che spaziano dalle Vendite al Marketing, dalla Formazione alla Gestione manutentiva, relativamente sia alle apparecchiature elettromedicali che ai dispositivi monouso. Attualmente ricopro i ruoli di Business Unit Manager per le linee \u2018Pain and airway management\u2019 e \u2018Cardiovascular Surgery\u2019, e di Content Manager.","url":"https:\/\/campusvygon.com\/it\/author\/giacomopedroi\/"}]}},"_links":{"self":[{"href":"https:\/\/campusvygon.com\/it\/wp-json\/wp\/v2\/posts\/36603","targetHints":{"allow":["GET"]}}],"collection":[{"href":"https:\/\/campusvygon.com\/it\/wp-json\/wp\/v2\/posts"}],"about":[{"href":"https:\/\/campusvygon.com\/it\/wp-json\/wp\/v2\/types\/post"}],"author":[{"embeddable":true,"href":"https:\/\/campusvygon.com\/it\/wp-json\/wp\/v2\/users\/132"}],"replies":[{"embeddable":true,"href":"https:\/\/campusvygon.com\/it\/wp-json\/wp\/v2\/comments?post=36603"}],"version-history":[{"count":3,"href":"https:\/\/campusvygon.com\/it\/wp-json\/wp\/v2\/posts\/36603\/revisions"}],"predecessor-version":[{"id":36618,"href":"https:\/\/campusvygon.com\/it\/wp-json\/wp\/v2\/posts\/36603\/revisions\/36618"}],"wp:featuredmedia":[{"embeddable":true,"href":"https:\/\/campusvygon.com\/it\/wp-json\/wp\/v2\/media\/36611"}],"wp:attachment":[{"href":"https:\/\/campusvygon.com\/it\/wp-json\/wp\/v2\/media?parent=36603"}],"wp:term":[{"taxonomy":"category","embeddable":true,"href":"https:\/\/campusvygon.com\/it\/wp-json\/wp\/v2\/categories?post=36603"},{"taxonomy":"post_tag","embeddable":true,"href":"https:\/\/campusvygon.com\/it\/wp-json\/wp\/v2\/tags?post=36603"}],"curies":[{"name":"wp","href":"https:\/\/api.w.org\/{rel}","templated":true}]}}